{"id":19162,"date":"2016-11-01T00:00:00","date_gmt":"2016-11-01T00:00:00","guid":{"rendered":"https:\/\/www.mountainhosteltarter.com\/2016\/11\/01\/la-teva-casa-darribada-a-andorra-per-17e-preu-especial-per-a-treballadors-de-temporada-dhivern-de-grandvalira\/"},"modified":"2021-10-19T21:59:33","modified_gmt":"2021-10-19T21:59:33","slug":"la-teva-casa-darribada-a-andorra-per-17e-preu-especial-per-a-treballadors-de-temporada-dhivern-de-grandvalira","status":"publish","type":"post","link":"https:\/\/www.mountainhosteltarter.com\/ca\/la-teva-casa-darribada-a-andorra-per-17e-preu-especial-per-a-treballadors-de-temporada-dhivern-de-grandvalira\/","title":{"rendered":"La teva casa d\u2019arribada a Andorra per 17\u20ac. Preu especial per a treballadors de temporada d\u2019hivern de Grandvalira."},"content":{"rendered":"<h2>Mountain Hostel Tarter, el millor alberg d&#8217;Andorra, on instal\u00b7lar-te per buscar feina i allotjament a Andorra per la temporada d&#8217;hivern<\/h2>\n<p><strong>Vens a Andorra a treballar a les pistes de Grandvalira per la temporada d\u2019hivern?<\/strong><\/p>\n<p>Necessites un <strong>allotjament provisional per als primers dies mentre acabes els tr\u00e0mits del perm\u00eds de treball o mentre busques casa?<\/strong><\/p>\n<p><strong>Mountain Hostel Tarter \u00e9s el lloc perfecte per instal\u00b7lar-te a Andorra, quan arribes, mentre aconsegueixes allotjament.<\/strong><\/p>\n<p>Si vens a treballar sabem que el pressupost \u00e9s ajustat, especialment els primers dies, i a Mountain Hostel Tarter tindr\u00e0s el millor preu: 17\u20ac per dia, independentment de si \u00e9s entre setmana o cap de setmana.<\/p>\n<p>A m\u00e9s disposem de <strong>cuina d\u2019\u00fas lliure, wi-fi gratu\u00eft i servei de rentadora-assecadora.<\/strong><\/p>\n<p><strong>Aquesta oferta \u00e9s v\u00e0lida fins el 24 de novembre de 2016. A partir del 25 de novembre de 2016 t\u2019oferim el 10% de descompte sobre la tarifa oficial d\u2019allotjament.<\/strong><\/p>\n<p><strong>Per fer la teva reserva escriu-nos a <\/strong><a href=\"mailto:info@mountainhosteltarter.com\"><strong>info@mountainhosteltarter.com<\/strong><\/a><\/p>\n<h4><strong>Benvingut\/da a Mountain Hostel Tarter!<\/strong><\/h4>\n<p>El hostel d\u2019Andorra ubicat a El Tarter, a 200 metres de l\u2019acc\u00e9s a l\u2019estaci\u00f3 d\u2019esqu\u00ed Grandvalira-El tarter. Mountain Hostel Tarter ha estat concebut i dissenyat per oferir el que sempre busquem per nosaltres quan viatgem: una estada c\u00f2moda, pr\u00e0ctica i confortable, en un ambient c\u00e0lid, entre amics i 100% familiar.<\/p>\n<h4><strong>Habitacions<\/strong><\/h4>\n<p><strong>El teu propi espai, en una habitaci\u00f3 compartida<\/strong><\/p>\n<p>Mountain Hostel Tarter, es un hostel on es comparteixen habitacions i serveis. Disposem d\u2019habitacions per a 5 persones i per a 4 persones, organitzades en lliteres. Cada llit t\u00e9 la seva pr\u00f2pia llum de lectura, endoll i calaix individual (pots portar el teu pany o comprar-ne un al hostel per 2\u20ac. A m\u00e9s a totes les habitacions hi ha calefacci\u00f3 i wi-fi gratu\u00eft.<\/p>\n<h4><strong>Serveis i facilitats<\/strong><\/h4>\n<p><strong>Un petit univers amb tot al teu abast<\/strong><\/p>\n<ul>\n<li>Modernes instal\u00b7lacions amb lavabos i dutxes (tamb\u00e9 compartits, encara que amb tancaments individuals, \u00e9s clar). Aigua calenta 24h. Si no portes tovallola en lloguem per 2\u20ac.<\/li>\n<li>Sala-menjador, juntament amb cuina totalment equipada per preparar sandvitxos o cuinar qualsevol plat, i m\u00e0quina expenedora de refrescos i snacks. Caf\u00e8 i t\u00e9 gratu\u00efts!<\/li>\n<li>Sala-comedor junto a una cocina totalmente equipada para preparar s\u00e1ndwiches o cocinar cualquier plato, y con m\u00e1quinas expendedoras de refrescos y snacks. \u00a1Caf\u00e9 y t\u00e9 gratis!<\/li>\n<li>Sala d\u2019estar amb xemeneia, sof\u00e0s, pufs, televisi\u00f3, lectura, jocs de taula i wi-fi gratu\u00eft.<\/li>\n<li>Wi-fi gratu\u00eft a tot el hostel, tamb\u00e9 a les habitacions.<\/li>\n<li>Servicio: rentadora \u2013 assecadora de aprox 4kg (6\u20ac)<\/li>\n<li>Per a esquiadors, snowboarders i muntanyencs disposem de serveis de guardaesqu\u00eds i seca-botes gratu\u00eft.<\/li>\n<\/ul>\n","protected":false},"excerpt":{"rendered":"<p>Mountain Hostel Tarter, el millor alberg d&#8217;Andorra, on instal\u00b7lar-te per buscar feina i allotjament a Andorra per la temporada d&#8217;hivern Vens a Andorra a treballar a les pistes de Grandvalira per la temporada d\u2019hivern? Necessites un allotjament provisional per als primers dies mentre acabes els tr\u00e0mits del perm\u00eds de treball o mentre busques casa? Mountain &#8230; <a title=\"La teva casa d\u2019arribada a Andorra per 17\u20ac. Preu especial per a treballadors de temporada d\u2019hivern de Grandvalira.\" class=\"read-more\" href=\"https:\/\/www.mountainhosteltarter.com\/ca\/la-teva-casa-darribada-a-andorra-per-17e-preu-especial-per-a-treballadors-de-temporada-dhivern-de-grandvalira\/\" aria-label=\"Read more about La teva casa d\u2019arribada a Andorra per 17\u20ac. Preu especial per a treballadors de temporada d\u2019hivern de Grandvalira.\">Llegir m\u00e9s<\/a><\/p>\n","protected":false},"author":1,"featured_media":19013,"comment_status":"open","ping_status":"open","sticky":false,"template":"","format":"standard","meta":{"_glsr_average":0,"_glsr_ranking":0,"_glsr_reviews":0,"footnotes":""},"categories":[484,406,485,412,486,409,415,443,450],"tags":[],"yoast_head":"<!-- This site is optimized with the Yoast SEO plugin v22.8 - https:\/\/yoast.com\/wordpress\/plugins\/seo\/ -->\n<title>La teva casa d\u2019arribada a Andorra per 17\u20ac. Preu especial per a treballadors de temporada d\u2019hivern de Grandvalira. - Mountain Hostel Tarter<\/title>\n<meta name=\"robots\" content=\"index, follow, max-snippet:-1, max-image-preview:large, max-video-preview:-1\" \/>\n<link rel=\"canonical\" href=\"https:\/\/www.mountainhosteltarter.com\/ca\/la-teva-casa-darribada-a-andorra-per-17e-preu-especial-per-a-treballadors-de-temporada-dhivern-de-grandvalira\/\" \/>\n<meta property=\"og:locale\" content=\"ca_ES\" \/>\n<meta property=\"og:type\" content=\"article\" \/>\n<meta property=\"og:title\" content=\"La teva casa d\u2019arribada a Andorra per 17\u20ac. Preu especial per a treballadors de temporada d\u2019hivern de Grandvalira. - Mountain Hostel Tarter\" \/>\n<meta property=\"og:description\" content=\"Mountain Hostel Tarter, el millor alberg d&#8217;Andorra, on instal\u00b7lar-te per buscar feina i allotjament a Andorra per la temporada d&#8217;hivern Vens a Andorra a treballar a les pistes de Grandvalira per la temporada d\u2019hivern? Necessites un allotjament provisional per als primers dies mentre acabes els tr\u00e0mits del perm\u00eds de treball o mentre busques casa? Mountain ... Llegir m\u00e9s\" \/>\n<meta property=\"og:url\" content=\"https:\/\/www.mountainhosteltarter.com\/ca\/la-teva-casa-darribada-a-andorra-per-17e-preu-especial-per-a-treballadors-de-temporada-dhivern-de-grandvalira\/\" \/>\n<meta property=\"og:site_name\" content=\"Mountain Hostel Tarter\" \/>\n<meta property=\"article:published_time\" content=\"2016-11-01T00:00:00+00:00\" \/>\n<meta property=\"article:modified_time\" content=\"2021-10-19T21:59:33+00:00\" \/>\n<meta property=\"og:image\" content=\"https:\/\/www.mountainhosteltarter.com\/wp-content\/uploads\/2021\/10\/grandvalira_mountain-hostel-tarter.jpg\" \/>\n\t<meta property=\"og:image:width\" content=\"685\" \/>\n\t<meta property=\"og:image:height\" content=\"350\" \/>\n\t<meta property=\"og:image:type\" content=\"image\/jpeg\" \/>\n<meta name=\"author\" content=\"netmarqueting\" \/>\n<meta name=\"twitter:card\" content=\"summary_large_image\" \/>\n<meta name=\"twitter:label1\" content=\"Escrit per\" \/>\n\t<meta name=\"twitter:data1\" content=\"netmarqueting\" \/>\n\t<meta name=\"twitter:label2\" content=\"Temps estimat de lectura\" \/>\n\t<meta name=\"twitter:data2\" content=\"2 minuts\" \/>\n<script type=\"application\/ld+json\" class=\"yoast-schema-graph\">{\"@context\":\"https:\/\/schema.org\",\"@graph\":[{\"@type\":\"Article\",\"@id\":\"https:\/\/www.mountainhosteltarter.com\/ca\/la-teva-casa-darribada-a-andorra-per-17e-preu-especial-per-a-treballadors-de-temporada-dhivern-de-grandvalira\/#article\",\"isPartOf\":{\"@id\":\"https:\/\/www.mountainhosteltarter.com\/ca\/la-teva-casa-darribada-a-andorra-per-17e-preu-especial-per-a-treballadors-de-temporada-dhivern-de-grandvalira\/\"},\"author\":{\"name\":\"netmarqueting\",\"@id\":\"https:\/\/www.mountainhosteltarter.com\/fr\/#\/schema\/person\/f970d723b6486c1685c1869c9f792244\"},\"headline\":\"La teva casa d\u2019arribada a Andorra per 17\u20ac. Preu especial per a treballadors de temporada d\u2019hivern de Grandvalira.\",\"datePublished\":\"2016-11-01T00:00:00+00:00\",\"dateModified\":\"2021-10-19T21:59:33+00:00\",\"mainEntityOfPage\":{\"@id\":\"https:\/\/www.mountainhosteltarter.com\/ca\/la-teva-casa-darribada-a-andorra-per-17e-preu-especial-per-a-treballadors-de-temporada-dhivern-de-grandvalira\/\"},\"wordCount\":459,\"commentCount\":0,\"publisher\":{\"@id\":\"https:\/\/www.mountainhosteltarter.com\/fr\/#organization\"},\"image\":{\"@id\":\"https:\/\/www.mountainhosteltarter.com\/ca\/la-teva-casa-darribada-a-andorra-per-17e-preu-especial-per-a-treballadors-de-temporada-dhivern-de-grandvalira\/#primaryimage\"},\"thumbnailUrl\":\"https:\/\/www.mountainhosteltarter.com\/wp-content\/uploads\/2021\/10\/grandvalira_mountain-hostel-tarter.jpg\",\"articleSection\":[\"Alberg a Andorra\",\"Albergs a Andorra\",\"Allotjament a Andorra\",\"Allotjament a Andorra\",\"Allotjament a peu de pistes de Grandvalira-Andorra\",\"Alojamiento a pie de pistas de Grandvalira-Andorra\",\"Andorra @ca\",\"Grandvalira Andorra@ca\",\"Noticies\"],\"inLanguage\":\"ca\"},{\"@type\":\"WebPage\",\"@id\":\"https:\/\/www.mountainhosteltarter.com\/ca\/la-teva-casa-darribada-a-andorra-per-17e-preu-especial-per-a-treballadors-de-temporada-dhivern-de-grandvalira\/\",\"url\":\"https:\/\/www.mountainhosteltarter.com\/ca\/la-teva-casa-darribada-a-andorra-per-17e-preu-especial-per-a-treballadors-de-temporada-dhivern-de-grandvalira\/\",\"name\":\"La teva casa d\u2019arribada a Andorra per 17\u20ac. Preu especial per a treballadors de temporada d\u2019hivern de Grandvalira. - Mountain Hostel Tarter\",\"isPartOf\":{\"@id\":\"https:\/\/www.mountainhosteltarter.com\/fr\/#website\"},\"primaryImageOfPage\":{\"@id\":\"https:\/\/www.mountainhosteltarter.com\/ca\/la-teva-casa-darribada-a-andorra-per-17e-preu-especial-per-a-treballadors-de-temporada-dhivern-de-grandvalira\/#primaryimage\"},\"image\":{\"@id\":\"https:\/\/www.mountainhosteltarter.com\/ca\/la-teva-casa-darribada-a-andorra-per-17e-preu-especial-per-a-treballadors-de-temporada-dhivern-de-grandvalira\/#primaryimage\"},\"thumbnailUrl\":\"https:\/\/www.mountainhosteltarter.com\/wp-content\/uploads\/2021\/10\/grandvalira_mountain-hostel-tarter.jpg\",\"datePublished\":\"2016-11-01T00:00:00+00:00\",\"dateModified\":\"2021-10-19T21:59:33+00:00\",\"breadcrumb\":{\"@id\":\"https:\/\/www.mountainhosteltarter.com\/ca\/la-teva-casa-darribada-a-andorra-per-17e-preu-especial-per-a-treballadors-de-temporada-dhivern-de-grandvalira\/#breadcrumb\"},\"inLanguage\":\"ca\",\"potentialAction\":[{\"@type\":\"ReadAction\",\"target\":[\"https:\/\/www.mountainhosteltarter.com\/ca\/la-teva-casa-darribada-a-andorra-per-17e-preu-especial-per-a-treballadors-de-temporada-dhivern-de-grandvalira\/\"]}]},{\"@type\":\"ImageObject\",\"inLanguage\":\"ca\",\"@id\":\"https:\/\/www.mountainhosteltarter.com\/ca\/la-teva-casa-darribada-a-andorra-per-17e-preu-especial-per-a-treballadors-de-temporada-dhivern-de-grandvalira\/#primaryimage\",\"url\":\"https:\/\/www.mountainhosteltarter.com\/wp-content\/uploads\/2021\/10\/grandvalira_mountain-hostel-tarter.jpg\",\"contentUrl\":\"https:\/\/www.mountainhosteltarter.com\/wp-content\/uploads\/2021\/10\/grandvalira_mountain-hostel-tarter.jpg\",\"width\":685,\"height\":350},{\"@type\":\"BreadcrumbList\",\"@id\":\"https:\/\/www.mountainhosteltarter.com\/ca\/la-teva-casa-darribada-a-andorra-per-17e-preu-especial-per-a-treballadors-de-temporada-dhivern-de-grandvalira\/#breadcrumb\",\"itemListElement\":[{\"@type\":\"ListItem\",\"position\":1,\"name\":\"Portada\",\"item\":\"https:\/\/www.mountainhosteltarter.com\/ca\/\"},{\"@type\":\"ListItem\",\"position\":2,\"name\":\"La teva casa d\u2019arribada a Andorra per 17\u20ac. Preu especial per a treballadors de temporada d\u2019hivern de Grandvalira.\"}]},{\"@type\":\"WebSite\",\"@id\":\"https:\/\/www.mountainhosteltarter.com\/fr\/#website\",\"url\":\"https:\/\/www.mountainhosteltarter.com\/fr\/\",\"name\":\"Mountain Hostel Tarter\",\"description\":\"El mejor Hostal en Grandvalira Andorra\",\"publisher\":{\"@id\":\"https:\/\/www.mountainhosteltarter.com\/fr\/#organization\"},\"potentialAction\":[{\"@type\":\"SearchAction\",\"target\":{\"@type\":\"EntryPoint\",\"urlTemplate\":\"https:\/\/www.mountainhosteltarter.com\/fr\/?s={search_term_string}\"},\"query-input\":\"required name=search_term_string\"}],\"inLanguage\":\"ca\"},{\"@type\":\"Organization\",\"@id\":\"https:\/\/www.mountainhosteltarter.com\/fr\/#organization\",\"name\":\"Mountain Hostel Tarter\",\"url\":\"https:\/\/www.mountainhosteltarter.com\/fr\/\",\"logo\":{\"@type\":\"ImageObject\",\"inLanguage\":\"ca\",\"@id\":\"https:\/\/www.mountainhosteltarter.com\/fr\/#\/schema\/logo\/image\/\",\"url\":\"https:\/\/www.mountainhosteltarter.com\/wp-content\/uploads\/2021\/08\/logo.png\",\"contentUrl\":\"https:\/\/www.mountainhosteltarter.com\/wp-content\/uploads\/2021\/08\/logo.png\",\"width\":200,\"height\":103,\"caption\":\"Mountain Hostel Tarter\"},\"image\":{\"@id\":\"https:\/\/www.mountainhosteltarter.com\/fr\/#\/schema\/logo\/image\/\"}},{\"@type\":\"Person\",\"@id\":\"https:\/\/www.mountainhosteltarter.com\/fr\/#\/schema\/person\/f970d723b6486c1685c1869c9f792244\",\"name\":\"netmarqueting\",\"image\":{\"@type\":\"ImageObject\",\"inLanguage\":\"ca\",\"@id\":\"https:\/\/www.mountainhosteltarter.com\/fr\/#\/schema\/person\/image\/\",\"url\":\"https:\/\/secure.gravatar.com\/avatar\/24103386a3bf174fbe623a4739042b16?s=96&d=mm&r=g\",\"contentUrl\":\"https:\/\/secure.gravatar.com\/avatar\/24103386a3bf174fbe623a4739042b16?s=96&d=mm&r=g\",\"caption\":\"netmarqueting\"},\"sameAs\":[\"https:\/\/www.mountainhosteltarter.com\"]}]}<\/script>\n<!-- \/ Yoast SEO plugin. -->","yoast_head_json":{"title":"La teva casa d\u2019arribada a Andorra per 17\u20ac. Preu especial per a treballadors de temporada d\u2019hivern de Grandvalira. - Mountain Hostel Tarter","robots":{"index":"index","follow":"follow","max-snippet":"max-snippet:-1","max-image-preview":"max-image-preview:large","max-video-preview":"max-video-preview:-1"},"canonical":"https:\/\/www.mountainhosteltarter.com\/ca\/la-teva-casa-darribada-a-andorra-per-17e-preu-especial-per-a-treballadors-de-temporada-dhivern-de-grandvalira\/","og_locale":"ca_ES","og_type":"article","og_title":"La teva casa d\u2019arribada a Andorra per 17\u20ac. Preu especial per a treballadors de temporada d\u2019hivern de Grandvalira. - Mountain Hostel Tarter","og_description":"Mountain Hostel Tarter, el millor alberg d&#8217;Andorra, on instal\u00b7lar-te per buscar feina i allotjament a Andorra per la temporada d&#8217;hivern Vens a Andorra a treballar a les pistes de Grandvalira per la temporada d\u2019hivern? Necessites un allotjament provisional per als primers dies mentre acabes els tr\u00e0mits del perm\u00eds de treball o mentre busques casa? Mountain ... Llegir m\u00e9s","og_url":"https:\/\/www.mountainhosteltarter.com\/ca\/la-teva-casa-darribada-a-andorra-per-17e-preu-especial-per-a-treballadors-de-temporada-dhivern-de-grandvalira\/","og_site_name":"Mountain Hostel Tarter","article_published_time":"2016-11-01T00:00:00+00:00","article_modified_time":"2021-10-19T21:59:33+00:00","og_image":[{"width":685,"height":350,"url":"https:\/\/www.mountainhosteltarter.com\/wp-content\/uploads\/2021\/10\/grandvalira_mountain-hostel-tarter.jpg","type":"image\/jpeg"}],"author":"netmarqueting","twitter_card":"summary_large_image","twitter_misc":{"Escrit per":"netmarqueting","Temps estimat de lectura":"2 minuts"},"schema":{"@context":"https:\/\/schema.org","@graph":[{"@type":"Article","@id":"https:\/\/www.mountainhosteltarter.com\/ca\/la-teva-casa-darribada-a-andorra-per-17e-preu-especial-per-a-treballadors-de-temporada-dhivern-de-grandvalira\/#article","isPartOf":{"@id":"https:\/\/www.mountainhosteltarter.com\/ca\/la-teva-casa-darribada-a-andorra-per-17e-preu-especial-per-a-treballadors-de-temporada-dhivern-de-grandvalira\/"},"author":{"name":"netmarqueting","@id":"https:\/\/www.mountainhosteltarter.com\/fr\/#\/schema\/person\/f970d723b6486c1685c1869c9f792244"},"headline":"La teva casa d\u2019arribada a Andorra per 17\u20ac. Preu especial per a treballadors de temporada d\u2019hivern de Grandvalira.","datePublished":"2016-11-01T00:00:00+00:00","dateModified":"2021-10-19T21:59:33+00:00","mainEntityOfPage":{"@id":"https:\/\/www.mountainhosteltarter.com\/ca\/la-teva-casa-darribada-a-andorra-per-17e-preu-especial-per-a-treballadors-de-temporada-dhivern-de-grandvalira\/"},"wordCount":459,"commentCount":0,"publisher":{"@id":"https:\/\/www.mountainhosteltarter.com\/fr\/#organization"},"image":{"@id":"https:\/\/www.mountainhosteltarter.com\/ca\/la-teva-casa-darribada-a-andorra-per-17e-preu-especial-per-a-treballadors-de-temporada-dhivern-de-grandvalira\/#primaryimage"},"thumbnailUrl":"https:\/\/www.mountainhosteltarter.com\/wp-content\/uploads\/2021\/10\/grandvalira_mountain-hostel-tarter.jpg","articleSection":["Alberg a Andorra","Albergs a Andorra","Allotjament a Andorra","Allotjament a Andorra","Allotjament a peu de pistes de Grandvalira-Andorra","Alojamiento a pie de pistas de Grandvalira-Andorra","Andorra @ca","Grandvalira Andorra@ca","Noticies"],"inLanguage":"ca"},{"@type":"WebPage","@id":"https:\/\/www.mountainhosteltarter.com\/ca\/la-teva-casa-darribada-a-andorra-per-17e-preu-especial-per-a-treballadors-de-temporada-dhivern-de-grandvalira\/","url":"https:\/\/www.mountainhosteltarter.com\/ca\/la-teva-casa-darribada-a-andorra-per-17e-preu-especial-per-a-treballadors-de-temporada-dhivern-de-grandvalira\/","name":"La teva casa d\u2019arribada a Andorra per 17\u20ac. Preu especial per a treballadors de temporada d\u2019hivern de Grandvalira. - Mountain Hostel Tarter","isPartOf":{"@id":"https:\/\/www.mountainhosteltarter.com\/fr\/#website"},"primaryImageOfPage":{"@id":"https:\/\/www.mountainhosteltarter.com\/ca\/la-teva-casa-darribada-a-andorra-per-17e-preu-especial-per-a-treballadors-de-temporada-dhivern-de-grandvalira\/#primaryimage"},"image":{"@id":"https:\/\/www.mountainhosteltarter.com\/ca\/la-teva-casa-darribada-a-andorra-per-17e-preu-especial-per-a-treballadors-de-temporada-dhivern-de-grandvalira\/#primaryimage"},"thumbnailUrl":"https:\/\/www.mountainhosteltarter.com\/wp-content\/uploads\/2021\/10\/grandvalira_mountain-hostel-tarter.jpg","datePublished":"2016-11-01T00:00:00+00:00","dateModified":"2021-10-19T21:59:33+00:00","breadcrumb":{"@id":"https:\/\/www.mountainhosteltarter.com\/ca\/la-teva-casa-darribada-a-andorra-per-17e-preu-especial-per-a-treballadors-de-temporada-dhivern-de-grandvalira\/#breadcrumb"},"inLanguage":"ca","potentialAction":[{"@type":"ReadAction","target":["https:\/\/www.mountainhosteltarter.com\/ca\/la-teva-casa-darribada-a-andorra-per-17e-preu-especial-per-a-treballadors-de-temporada-dhivern-de-grandvalira\/"]}]},{"@type":"ImageObject","inLanguage":"ca","@id":"https:\/\/www.mountainhosteltarter.com\/ca\/la-teva-casa-darribada-a-andorra-per-17e-preu-especial-per-a-treballadors-de-temporada-dhivern-de-grandvalira\/#primaryimage","url":"https:\/\/www.mountainhosteltarter.com\/wp-content\/uploads\/2021\/10\/grandvalira_mountain-hostel-tarter.jpg","contentUrl":"https:\/\/www.mountainhosteltarter.com\/wp-content\/uploads\/2021\/10\/grandvalira_mountain-hostel-tarter.jpg","width":685,"height":350},{"@type":"BreadcrumbList","@id":"https:\/\/www.mountainhosteltarter.com\/ca\/la-teva-casa-darribada-a-andorra-per-17e-preu-especial-per-a-treballadors-de-temporada-dhivern-de-grandvalira\/#breadcrumb","itemListElement":[{"@type":"ListItem","position":1,"name":"Portada","item":"https:\/\/www.mountainhosteltarter.com\/ca\/"},{"@type":"ListItem","position":2,"name":"La teva casa d\u2019arribada a Andorra per 17\u20ac. Preu especial per a treballadors de temporada d\u2019hivern de Grandvalira."}]},{"@type":"WebSite","@id":"https:\/\/www.mountainhosteltarter.com\/fr\/#website","url":"https:\/\/www.mountainhosteltarter.com\/fr\/","name":"Mountain Hostel Tarter","description":"El mejor Hostal en Grandvalira Andorra","publisher":{"@id":"https:\/\/www.mountainhosteltarter.com\/fr\/#organization"},"potentialAction":[{"@type":"SearchAction","target":{"@type":"EntryPoint","urlTemplate":"https:\/\/www.mountainhosteltarter.com\/fr\/?s={search_term_string}"},"query-input":"required name=search_term_string"}],"inLanguage":"ca"},{"@type":"Organization","@id":"https:\/\/www.mountainhosteltarter.com\/fr\/#organization","name":"Mountain Hostel Tarter","url":"https:\/\/www.mountainhosteltarter.com\/fr\/","logo":{"@type":"ImageObject","inLanguage":"ca","@id":"https:\/\/www.mountainhosteltarter.com\/fr\/#\/schema\/logo\/image\/","url":"https:\/\/www.mountainhosteltarter.com\/wp-content\/uploads\/2021\/08\/logo.png","contentUrl":"https:\/\/www.mountainhosteltarter.com\/wp-content\/uploads\/2021\/08\/logo.png","width":200,"height":103,"caption":"Mountain Hostel Tarter"},"image":{"@id":"https:\/\/www.mountainhosteltarter.com\/fr\/#\/schema\/logo\/image\/"}},{"@type":"Person","@id":"https:\/\/www.mountainhosteltarter.com\/fr\/#\/schema\/person\/f970d723b6486c1685c1869c9f792244","name":"netmarqueting","image":{"@type":"ImageObject","inLanguage":"ca","@id":"https:\/\/www.mountainhosteltarter.com\/fr\/#\/schema\/person\/image\/","url":"https:\/\/secure.gravatar.com\/avatar\/24103386a3bf174fbe623a4739042b16?s=96&d=mm&r=g","contentUrl":"https:\/\/secure.gravatar.com\/avatar\/24103386a3bf174fbe623a4739042b16?s=96&d=mm&r=g","caption":"netmarqueting"},"sameAs":["https:\/\/www.mountainhosteltarter.com"]}]}},"_links":{"self":[{"href":"https:\/\/www.mountainhosteltarter.com\/ca\/wp-json\/wp\/v2\/posts\/19162"}],"collection":[{"href":"https:\/\/www.mountainhosteltarter.com\/ca\/wp-json\/wp\/v2\/posts"}],"about":[{"href":"https:\/\/www.mountainhosteltarter.com\/ca\/wp-json\/wp\/v2\/types\/post"}],"author":[{"embeddable":true,"href":"https:\/\/www.mountainhosteltarter.com\/ca\/wp-json\/wp\/v2\/users\/1"}],"replies":[{"embeddable":true,"href":"https:\/\/www.mountainhosteltarter.com\/ca\/wp-json\/wp\/v2\/comments?post=19162"}],"version-history":[{"count":0,"href":"https:\/\/www.mountainhosteltarter.com\/ca\/wp-json\/wp\/v2\/posts\/19162\/revisions"}],"wp:featuredmedia":[{"embeddable":true,"href":"https:\/\/www.mountainhosteltarter.com\/ca\/wp-json\/wp\/v2\/media\/19013"}],"wp:attachment":[{"href":"https:\/\/www.mountainhosteltarter.com\/ca\/wp-json\/wp\/v2\/media?parent=19162"}],"wp:term":[{"taxonomy":"category","embeddable":true,"href":"https:\/\/www.mountainhosteltarter.com\/ca\/wp-json\/wp\/v2\/categories?post=19162"},{"taxonomy":"post_tag","embeddable":true,"href":"https:\/\/www.mountainhosteltarter.com\/ca\/wp-json\/wp\/v2\/tags?post=19162"}],"curies":[{"name":"wp","href":"https:\/\/api.w.org\/{rel}","templated":true}]}}