{"id":19180,"date":"2025-02-08T00:00:00","date_gmt":"2025-02-08T00:00:00","guid":{"rendered":"https:\/\/www.mountainhosteltarter.com\/2020\/03\/01\/setmana-santa-andorra\/"},"modified":"2025-02-13T15:57:04","modified_gmt":"2025-02-13T15:57:04","slug":"setmana-santa-andorra","status":"publish","type":"post","link":"https:\/\/www.mountainhosteltarter.com\/ca\/setmana-santa-andorra\/","title":{"rendered":"Les 9 millors coses a fer a Andorra per Setmana Santa"},"content":{"rendered":"\t\t<div data-elementor-type=\"wp-post\" data-elementor-id=\"19180\" class=\"elementor elementor-19180 elementor-19053\">\n\t\t\t\t\t\t<section class=\"elementor-section elementor-top-section elementor-element elementor-element-6f4a8066 elementor-section-boxed elementor-section-height-default elementor-section-height-default\" data-id=\"6f4a8066\" data-element_type=\"section\">\n\t\t\t\t\t\t<div class=\"elementor-container elementor-column-gap-default\">\n\t\t\t\t\t<div class=\"elementor-column elementor-col-100 elementor-top-column elementor-element elementor-element-537df7f\" data-id=\"537df7f\" data-element_type=\"column\">\n\t\t\t<div class=\"elementor-widget-wrap elementor-element-populated\">\n\t\t\t\t\t\t<div class=\"elementor-element elementor-element-669cb810 elementor-widget elementor-widget-text-editor\" data-id=\"669cb810\" data-element_type=\"widget\" data-widget_type=\"text-editor.default\">\n\t\t\t\t<div class=\"elementor-widget-container\">\n\t\t\t<style>\/*! elementor - v3.21.0 - 26-05-2024 *\/\n.elementor-widget-text-editor.elementor-drop-cap-view-stacked .elementor-drop-cap{background-color:#69727d;color:#fff}.elementor-widget-text-editor.elementor-drop-cap-view-framed .elementor-drop-cap{color:#69727d;border:3px solid;background-color:transparent}.elementor-widget-text-editor:not(.elementor-drop-cap-view-default) .elementor-drop-cap{margin-top:8px}.elementor-widget-text-editor:not(.elementor-drop-cap-view-default) .elementor-drop-cap-letter{width:1em;height:1em}.elementor-widget-text-editor .elementor-drop-cap{float:left;text-align:center;line-height:1;font-size:50px}.elementor-widget-text-editor .elementor-drop-cap-letter{display:inline-block}<\/style>\t\t\t\t<h2>Guia pr\u00e0ctica per gaudir de les teves vacances de Setmana Santa a Andorra. Les 9 millors coses a fer per Setmana Santa a Andorra.<\/h2><p>Abril a Andorra \u00e9s sin\u00f2nim de bon temps, sol i bones temperatures per\u00f2 tamb\u00e9 neu. Aix\u00ed que aqu\u00ed tens la nostra proposta per aquesta Setmana Santa a Andorra.<\/p><h3>\u00a0<\/h3><h3>1. Esqu\u00ed i snowboard a Grandvalira-Andorra per Setmana Santa<\/h3><p>Segur que has sentit a parlar de <strong>Grandvalira-Andorra, l&#8217;estaci\u00f3 d&#8217;esqu\u00ed m\u00e9s gran dels Pirineus, amb m\u00e9s de 210 km de pistes<\/strong> als teus peus, amb remuntadors moderns i de gran capacitat, i unes instal\u00b7lacions i serveis de m\u00e0xima qualitat.<br \/>Tant si ets esquiador o snowboarder expert, com si \u00e9s la primera vegada que esquies a tota la teva vida, aquesta \u00e9s una experi\u00e8ncia que no pots deixar escapar si vens a <strong>Andorra per Setmana Santa<\/strong>. A <a href=\"https:\/\/www.mountainhosteltarter.com\/ca\/\" target=\"_blank\" rel=\"noopener\">Mountain Hostel Tarter<\/a> ho tenim tot preparat i t&#8217;ho posem molt f\u00e0cil. A m\u00e9s estem <strong>just davant de Grandvalira, al sector del Tarter<\/strong>. A tir de pedra.<\/p><figure id=\"attachment_9646\" aria-describedby=\"caption-attachment-9646\" style=\"width: 1490px\" class=\"wp-caption alignnone\"><img fetchpriority=\"high\" decoding=\"async\" class=\"wp-image-9646 size-full\" src=\"https:\/\/www.mountainhosteltarter.com\/wp-content\/uploads\/2018\/03\/mountain-hostel-tarter-grandvalira-doorstep-e1521565738897.jpg\" alt=\"Mountain Hostel Tarter, a pie de pistas de Grandvalira-Andorra\" width=\"1500\" height=\"1000\" \/><figcaption id=\"caption-attachment-9646\" class=\"wp-caption-text\">Mountain Hostel Tarter, a 500 metres de Grandvalira- El Tarter<\/figcaption><\/figure><p>Si ets expert, pots triar qualsevol dels nostres <strong>packs d&#8217;esqu\u00ed a Grandvalira, que inclouen allotjament i forfet a Grandvalira<\/strong>, tamb\u00e9 per Setmana Santa. \u00c9s el nostre pack estrella: <strong>SLEEP &amp; RIDE, que inclou allotjament a Mountain Hostel Tarter i forfet a Grandvalira<\/strong> per als dies que vulguis. Fes-li una ullada <a href=\"https:\/\/www.mountainhosteltarter.com\/ca\/ofertes\/sleep-ride-llit-i-forfet-a-peu-de-pistes\/\" target=\"_blank\" rel=\"noopener\">aqu\u00ed<\/a>.<\/p><p>Si ets nou en aix\u00f2, no et preocupis, et preparem un <strong>pack d&#8217;esqu\u00ed a Grandvalira a mida<\/strong> perqu\u00e8 tot sigui molt f\u00e0cil i ho puguis gaudir al m\u00e0xim: allotjament a Mountain Hostel Tarter, forfet d&#8217;esqu\u00ed a Grandvalira, classes d&#8217;esqu\u00ed o snowboard amb monitor particular o classes de grup, dinar a pistes, lloguer de material d&#8217;esqu\u00ed\u2026 tot el que vulguis, ho tenim. Demana&#8217;ns el que vulguis; <a href=\"https:\/\/www.mountainhosteltarter.com\/ca\/ofertes\/hostel-esqui-mida\/\" target=\"_blank\" rel=\"noopener\">aqu\u00ed<\/a>.<br \/>Ens encanta <strong>esquiar a Grandvalira<\/strong> i es nota, oi?<\/p><h3>\u00a0<\/h3><h3>2. Passejar amb raquetes de neu per la Vall d\u2019Incles a Andorra<\/h3><p>No \u00e9s l&#8217;adrenalina, sin\u00f3 la majestuositat del paisatge el que en fa una experi\u00e8ncia inoblidable. No cal tenir experi\u00e8ncia ni una gran forma f\u00edsica. Es tracta nom\u00e9s d&#8217;un passeig, per\u00f2 per una vall espl\u00e8ndida, monumental, i preciosa a l&#8217;hivern. \u00c9s impagable.<\/p><figure id=\"attachment_9652\" aria-describedby=\"caption-attachment-9652\" style=\"width: 990px\" class=\"wp-caption alignnone\"><img decoding=\"async\" class=\"wp-image-9652 size-full\" src=\"https:\/\/www.mountainhosteltarter.com\/wp-content\/uploads\/2018\/03\/vall-incles-hivern.jpg\" alt=\"Vall d'Incles a l'hivern\" width=\"1000\" height=\"527\" \/><figcaption id=\"caption-attachment-9652\" class=\"wp-caption-text\">Vall d&#8217;Incles a l&#8217;hivern<\/figcaption><\/figure><p>La vall d&#8217;Incles \u00e9s a pocs metres del Mountain Hostel Tarter, d&#8217;acc\u00e9s molt f\u00e0cil des del hostel. Si vols anar al teu aire, nom\u00e9s has de llogar unes raquetes al dia. O si prefereixes apuntar-te a alguna de les nostres sortides, amb un guia. <a href=\"https:\/\/www.mountainhosteltarter.com\/ca\/experiencies\/alberg-andorra-raquetes\/\" target=\"_blank\" rel=\"noopener\">+ info aqu\u00ed<\/a><\/p><h3>\u00a0<\/h3><h3>3. Esqu\u00ed de muntanya o splitboard a Andorra<\/h3><p>Si les raquetes de neu et semblen poc i si tens un nivell mitj\u00e0-alt d&#8217;esqu\u00ed o snowboard, llavors passi el que passi que has de provar l&#8217;esqu\u00ed de muntanya a Andorra, o sortir a fer una caminada amb l&#8217;splitboard.<\/p><figure id=\"attachment_9656\" aria-describedby=\"caption-attachment-9656\" style=\"width: 1290px\" class=\"wp-caption alignnone\"><img decoding=\"async\" class=\"wp-image-9656 size-full\" src=\"https:\/\/www.mountainhosteltarter.com\/wp-content\/uploads\/2018\/03\/rando-mountain-hostel-tarter.jpg\" alt=\"Esqu\u00ed de muntanya a Andorra\" width=\"1300\" height=\"866\" \/><figcaption id=\"caption-attachment-9656\" class=\"wp-caption-text\">Esqu\u00ed de muntanya a Andorra des de Mountain Hostel Tarter<\/figcaption><\/figure><p>Si no tens gaire coneixement sobre la neu, els tipus de neu, i el risc d&#8217;allaus, o no coneixes la zona, et recomanem sortir amb un guia. I nosaltres coneixem els millors. Nom\u00e9s digue&#8217;ns-ho i t&#8217;organitzem la sortida. Arribar als cims m\u00e9s alts d&#8217;Andorra i baixar per pales verges, \u00e9s un plaer. <a href=\"https:\/\/www.mountainhosteltarter.com\/ca\/experiencies\/hostel-andorra-esqui-muntanya\/\" target=\"_blank\" rel=\"noopener noreferrer\">+ info aqu\u00ed<\/a><\/p><h3>\u00a0<\/h3><h3>4. Sa Terrasseta, la millor terrassa d&#8217;Andorra<\/h3><p>Despr\u00e9s del dia intens a la muntanya, et recomanem passar per Sa Terrasseta, <strong>la terrassa del hostel<\/strong>.<\/p><p>De la nostra food truck surten les millors hamburgueses del barri. El millor lloc on reposar forces i prendre alguna cosa, a l&#8217;aire lliure, en plena muntanya amb unes vistes meravelloses a Grandvalira i a la muntanya.<\/p><p><img loading=\"lazy\" decoding=\"async\" class=\"alignnone size-medium wp-image-30843\" src=\"https:\/\/www.mountainhosteltarter.com\/wp-content\/uploads\/2023\/03\/sa-terrasseta-food-truck-300x200.jpg\" alt=\"\" width=\"300\" height=\"200\" srcset=\"https:\/\/www.mountainhosteltarter.com\/wp-content\/uploads\/2023\/03\/sa-terrasseta-food-truck-300x200.jpg 300w, https:\/\/www.mountainhosteltarter.com\/wp-content\/uploads\/2023\/03\/sa-terrasseta-food-truck-1024x682.jpg 1024w, https:\/\/www.mountainhosteltarter.com\/wp-content\/uploads\/2023\/03\/sa-terrasseta-food-truck-768x511.jpg 768w, https:\/\/www.mountainhosteltarter.com\/wp-content\/uploads\/2023\/03\/sa-terrasseta-food-truck-500x333.jpg 500w, https:\/\/www.mountainhosteltarter.com\/wp-content\/uploads\/2023\/03\/sa-terrasseta-food-truck-800x533.jpg 800w, https:\/\/www.mountainhosteltarter.com\/wp-content\/uploads\/2023\/03\/sa-terrasseta-food-truck-1280x852.jpg 1280w, https:\/\/www.mountainhosteltarter.com\/wp-content\/uploads\/2023\/03\/sa-terrasseta-food-truck.jpg 1440w\" sizes=\"(max-width: 300px) 100vw, 300px\" \/> <img loading=\"lazy\" decoding=\"async\" class=\"alignnone wp-image-30853\" src=\"https:\/\/www.mountainhosteltarter.com\/wp-content\/uploads\/2023\/03\/sa-terrasseta-muntanya-240x300.jpg\" alt=\"\" width=\"161\" height=\"202\" srcset=\"https:\/\/www.mountainhosteltarter.com\/wp-content\/uploads\/2023\/03\/sa-terrasseta-muntanya-240x300.jpg 240w, https:\/\/www.mountainhosteltarter.com\/wp-content\/uploads\/2023\/03\/sa-terrasseta-muntanya-819x1024.jpg 819w, https:\/\/www.mountainhosteltarter.com\/wp-content\/uploads\/2023\/03\/sa-terrasseta-muntanya-768x960.jpg 768w, https:\/\/www.mountainhosteltarter.com\/wp-content\/uploads\/2023\/03\/sa-terrasseta-muntanya-500x625.jpg 500w, https:\/\/www.mountainhosteltarter.com\/wp-content\/uploads\/2023\/03\/sa-terrasseta-muntanya-800x1000.jpg 800w, https:\/\/www.mountainhosteltarter.com\/wp-content\/uploads\/2023\/03\/sa-terrasseta-muntanya.jpg 1080w\" sizes=\"(max-width: 161px) 100vw, 161px\" \/> <img loading=\"lazy\" decoding=\"async\" class=\"alignnone wp-image-30838\" src=\"https:\/\/www.mountainhosteltarter.com\/wp-content\/uploads\/2023\/03\/sa-terrasseta-burguer-243x300.jpg\" alt=\"\" width=\"164\" height=\"203\" srcset=\"https:\/\/www.mountainhosteltarter.com\/wp-content\/uploads\/2023\/03\/sa-terrasseta-burguer-243x300.jpg 243w, https:\/\/www.mountainhosteltarter.com\/wp-content\/uploads\/2023\/03\/sa-terrasseta-burguer-829x1024.jpg 829w, https:\/\/www.mountainhosteltarter.com\/wp-content\/uploads\/2023\/03\/sa-terrasseta-burguer-768x949.jpg 768w, https:\/\/www.mountainhosteltarter.com\/wp-content\/uploads\/2023\/03\/sa-terrasseta-burguer-500x618.jpg 500w, https:\/\/www.mountainhosteltarter.com\/wp-content\/uploads\/2023\/03\/sa-terrasseta-burguer-800x988.jpg 800w, https:\/\/www.mountainhosteltarter.com\/wp-content\/uploads\/2023\/03\/sa-terrasseta-burguer.jpg 1080w\" sizes=\"(max-width: 164px) 100vw, 164px\" \/><\/p><p>A m\u00e9s, aquesta Setmana Santa, coincideix amb el &#8220;closing&#8221; de la temporada d&#8217;hivern a Sa Terrasseta, amb alguns esdeveniments especials i m\u00fasica en viu. Aqu\u00ed tens el nostre Insta per estar al dia; <a href=\"https:\/\/www.instagram.com\/sa_terrasseta\/\" target=\"_blank\" rel=\"noopener\">Sa Terrasseta<\/a><\/p><h4>\u00a0<\/h4><h3>5. Sessi\u00f3 d&#8217;hidromassatge al swim-spa exterior de Mountain Hostel Tarter, amb aigua calenta i vistes a la muntanya.<\/h3><p>Una imatge val m\u00e9s que mil paraules:<\/p><figure id=\"attachment_9660\" aria-describedby=\"caption-attachment-9660\" style=\"width: 1290px\" class=\"wp-caption alignnone\"><img loading=\"lazy\" decoding=\"async\" class=\"size-full wp-image-9660\" src=\"https:\/\/www.mountainhosteltarter.com\/wp-content\/uploads\/2018\/03\/mountain-hostel-tarter-swim-spa-hottub.jpg\" alt=\"\" width=\"1300\" height=\"730\" \/><figcaption id=\"caption-attachment-9660\" class=\"wp-caption-text\">Swim spa exterior a Mountain Hostel Tarter amb vistes a la muntanya<\/figcaption><\/figure><p>Sona b\u00e9, oi? Doncs millor sonar\u00e0 quan tu expliquis als teus amics que t&#8217;has fet un bany hidromassatge al nostre swim-spa exterior en plena muntanya. S\u00ed, s\u00ed, com ho sents. A <strong>Mountain Hostel Tarter<\/strong> hem instal\u00b7lat una <a href=\"https:\/\/www.mountainhosteltarter.com\/ca\/espais\/swim-spa\/\" target=\"_blank\" rel=\"noopener\"><strong>piscina exterior climatitzada amb hidromassatge<\/strong><\/a>, a la terrassa superior, amb unes vistes espectaculars a la muntanya i a les pistes d&#8217;esqu\u00ed de <strong>Grandvalira<\/strong>. I per descomptat amb aigua calenta, per gaudir fins i tot els dies de neu i fred. Per\u00f2 compte! T&#8217;advertim: ser\u00e0 f\u00e0cil entrar, per\u00f2 no sortir, desitjar\u00e0s quedar-t&#8217;hi tot el dia\u2026 I la cirereta del past\u00eds \u00e9s la nova sauna finlandesa, amb foc de veritat, de llenya. Una experi\u00e8ncia \u00fanica.<\/p><h3>\u00a0<\/h3><h3>6. La millor festa apr\u00e8s-ski d&#8217;Andorra, a L&#8217;Abarset.<\/h3><p><strong><a href=\"https:\/\/www.grandvalira.com\/labarset-apres-ski\" target=\"_blank\" rel=\"noopener noreferrer\">L&#8217;Abarset<\/a> <\/strong>i la seva gran terrassa \u00e9s sens dubte <strong>el millor apr\u00e8s-ski de Grandvalira i Andorra<\/strong>. Tots els caps de setmana, a partir de les 16 h, comen\u00e7a la festa a L&#8217;Abarset, a l&#8217;aire lliure, amb artistes i DJ&#8217;s de renom internacional durant tota la temporada.<br \/>Una cita que no es pot passar per alt. La millor manera d&#8217;acabar un bon dia a pistes i entre amics. I aix\u00f2 a 2 minuts caminant del <strong>Mountain Hostel Tarter<\/strong>\u2026<\/p><figure id=\"attachment_30756\" aria-describedby=\"caption-attachment-30756\" style=\"width: 376px\" class=\"wp-caption alignnone\"><img loading=\"lazy\" decoding=\"async\" class=\"wp-image-30756 \" src=\"https:\/\/www.mountainhosteltarter.com\/wp-content\/uploads\/2023\/03\/LABARSET-5-2048x1365-1-300x200.jpg\" alt=\"El mejor Apr\u00e8s-ski de Andorra, en L'Abarset\" width=\"386\" height=\"257\" srcset=\"https:\/\/www.mountainhosteltarter.com\/wp-content\/uploads\/2023\/03\/LABARSET-5-2048x1365-1-300x200.jpg 300w, https:\/\/www.mountainhosteltarter.com\/wp-content\/uploads\/2023\/03\/LABARSET-5-2048x1365-1-1024x683.jpg 1024w, https:\/\/www.mountainhosteltarter.com\/wp-content\/uploads\/2023\/03\/LABARSET-5-2048x1365-1-768x512.jpg 768w, https:\/\/www.mountainhosteltarter.com\/wp-content\/uploads\/2023\/03\/LABARSET-5-2048x1365-1-1536x1024.jpg 1536w, https:\/\/www.mountainhosteltarter.com\/wp-content\/uploads\/2023\/03\/LABARSET-5-2048x1365-1-500x333.jpg 500w, https:\/\/www.mountainhosteltarter.com\/wp-content\/uploads\/2023\/03\/LABARSET-5-2048x1365-1-800x533.jpg 800w, https:\/\/www.mountainhosteltarter.com\/wp-content\/uploads\/2023\/03\/LABARSET-5-2048x1365-1-1280x853.jpg 1280w, https:\/\/www.mountainhosteltarter.com\/wp-content\/uploads\/2023\/03\/LABARSET-5-2048x1365-1-1920x1280.jpg 1920w, https:\/\/www.mountainhosteltarter.com\/wp-content\/uploads\/2023\/03\/LABARSET-5-2048x1365-1.jpg 2048w\" sizes=\"(max-width: 386px) 100vw, 386px\" \/><figcaption id=\"caption-attachment-30756\" class=\"wp-caption-text\">El millor Apr\u00e8s-ski d&#8217;Andorra, a L\u2019Abarset<\/figcaption><\/figure><h3>7. Tarda de relax a la vora del foc, a la sala chill de Mountain Hostel Tarter.<\/h3><p>Entenem molt b\u00e9 que passis de festes i de compres. Perqu\u00e8 com a casa, enlloc. I \u00e9s que a la <a href=\"https:\/\/www.mountainhosteltarter.com\/ca\/espais\/sala-chill\/\" target=\"_blank\" rel=\"noopener\">nostra sala chill<\/a>, a <strong>Mountain Hostel Tarter<\/strong>, amb c\u00f2modes pufs i sof\u00e0s, televisi\u00f3, lectura, jocs de taula, \u00e9s molt f\u00e0cil quedar embruixat amb el foc i la calor de la nostra xemeneia que encenem di\u00e0riament durant l&#8217;hivern. Despr\u00e9s d&#8217;un dia intens a la muntanya, despr\u00e9s d&#8217;un bany al nostre jacuzzi exterior i una bona dutxa calenta, relaxar-te en un dels nostres pufs, xerrant amb amics o llegint un llibre, a la vora del foc \u00e9s m\u00e9s que recomanable. \u00c9s aliment per a l&#8217;\u00e0nima.<\/p><figure id=\"attachment_9668\" aria-describedby=\"caption-attachment-9668\" style=\"width: 1490px\" class=\"wp-caption alignnone\"><img loading=\"lazy\" decoding=\"async\" class=\"size-full wp-image-9668\" src=\"https:\/\/www.mountainhosteltarter.com\/wp-content\/uploads\/2018\/03\/mountain-hostel-tarter-chil-fireplace-e1521569934176.jpg\" alt=\"\" width=\"1500\" height=\"1000\" \/><figcaption id=\"caption-attachment-9668\" class=\"wp-caption-text\">A la vora del foc Mountain Hostel Tarter<\/figcaption><\/figure><h4>\u00a0<\/h4><h3>8. Una tarda de compres per Andorra.<\/h3><p>I s\u00ed! \u00c9s el cl\u00e0ssic, qu\u00e8 hi farem! Anar a <strong>Andorra de compres<\/strong>. La veritat \u00e9s que no est\u00e0 de m\u00e9s fer una passejada pel principal eix comercial del pa\u00eds. En un sol carrer, es troba de tot: moda, esports, tecnologia, perfumeria, farm\u00e0cia\u2026 all\u00f2 que vulguis, segur que ho trobes. El millor? Passeja pel nucli antic d&#8217;Andorra la Vella, amb carrerons de vianants, cases antigues amb parets de pedra i teulada de pissarra, edificis hist\u00f2rics, etc\u2026 l&#8217;ess\u00e8ncia d&#8217;Andorra.<\/p><figure id=\"attachment_9672\" aria-describedby=\"caption-attachment-9672\" style=\"width: 1490px\" class=\"wp-caption alignnone\"><img loading=\"lazy\" decoding=\"async\" class=\"size-full wp-image-9672\" src=\"https:\/\/www.mountainhosteltarter.com\/wp-content\/uploads\/2018\/03\/andorra-la-vella-e1521570224644.jpg\" alt=\"\" width=\"1500\" height=\"1000\" \/><figcaption id=\"caption-attachment-9672\" class=\"wp-caption-text\">Centre urb\u00e0 d&#8217;Andorra La Vella i Escaldes-Engordany<\/figcaption><\/figure><h3>9. Dinar o sopar al <a href=\"https:\/\/www.instagram.com\/norrestaurantandorra\/\" target=\"_blank\" rel=\"noopener\">N\u00d8R RESTAURANT<\/a>.<\/h3><p>El nostre punt de trobada, tant a les tardes per prendre i picar alguna cosa com per sopar. Al costat del Mountain Hostel Tarter. \u00c9s el nostre favorit. Es nota, oi?<\/p><p>El <a href=\"https:\/\/www.instagram.com\/norrestaurantandorra\/\" target=\"_blank\" rel=\"noopener\">N\u00d8R RESTAURANT<\/a> \u00e9s un <strong>nou restaurant a Andorra<\/strong> on es cuina amb llenya i fum. Un concepte de restaurant que uneix innovaci\u00f3 i tradici\u00f3 a parts iguals, on el fum i el foc aporten una identitat \u00fanica a tots els plats. Tots els plats, i tamb\u00e9 els fumats, estan fets a casa, amb ingredients de primera qualitat i carn dels Pirineus.<\/p><p>I sense oblidar-nos de l&#8217;excel\u00b7lent maridatge que ofereixen, amb vins seleccionats amb molta cura per acompanyar cada plat.<\/p><p>Vaja, una explosi\u00f3 per als sentits, on l&#8217;important \u00e9s la qualitat de cada plat i degustar-los en bona companyia i bona m\u00fasica! Atenci\u00f3 a la seva playlist!<\/p><p><img loading=\"lazy\" decoding=\"async\" class=\"size-medium wp-image-21104\" src=\"https:\/\/www.mountainhosteltarter.com\/wp-content\/uploads\/2022\/03\/nor-restaurant-andorra-300x200.jpg\" alt=\"Nor Restaurant Andorra\" width=\"300\" height=\"200\" srcset=\"https:\/\/www.mountainhosteltarter.com\/wp-content\/uploads\/2022\/03\/nor-restaurant-andorra-300x200.jpg 300w, https:\/\/www.mountainhosteltarter.com\/wp-content\/uploads\/2022\/03\/nor-restaurant-andorra-1024x682.jpg 1024w, https:\/\/www.mountainhosteltarter.com\/wp-content\/uploads\/2022\/03\/nor-restaurant-andorra-768x511.jpg 768w, https:\/\/www.mountainhosteltarter.com\/wp-content\/uploads\/2022\/03\/nor-restaurant-andorra-500x333.jpg 500w, https:\/\/www.mountainhosteltarter.com\/wp-content\/uploads\/2022\/03\/nor-restaurant-andorra-800x533.jpg 800w, https:\/\/www.mountainhosteltarter.com\/wp-content\/uploads\/2022\/03\/nor-restaurant-andorra-1280x852.jpg 1280w, https:\/\/www.mountainhosteltarter.com\/wp-content\/uploads\/2022\/03\/nor-restaurant-andorra.jpg 1440w\" sizes=\"(max-width: 300px) 100vw, 300px\" \/> <img loading=\"lazy\" decoding=\"async\" class=\"size-medium wp-image-30958\" src=\"https:\/\/www.mountainhosteltarter.com\/wp-content\/uploads\/2023\/03\/nor-restaurant-andorra-300x200.jpg\" alt=\"NOR Restaurant Andorra\" width=\"300\" height=\"200\" srcset=\"https:\/\/www.mountainhosteltarter.com\/wp-content\/uploads\/2023\/03\/nor-restaurant-andorra-300x200.jpg 300w, https:\/\/www.mountainhosteltarter.com\/wp-content\/uploads\/2023\/03\/nor-restaurant-andorra-1024x682.jpg 1024w, https:\/\/www.mountainhosteltarter.com\/wp-content\/uploads\/2023\/03\/nor-restaurant-andorra-768x511.jpg 768w, https:\/\/www.mountainhosteltarter.com\/wp-content\/uploads\/2023\/03\/nor-restaurant-andorra-500x333.jpg 500w, https:\/\/www.mountainhosteltarter.com\/wp-content\/uploads\/2023\/03\/nor-restaurant-andorra-800x533.jpg 800w, https:\/\/www.mountainhosteltarter.com\/wp-content\/uploads\/2023\/03\/nor-restaurant-andorra-1280x852.jpg 1280w, https:\/\/www.mountainhosteltarter.com\/wp-content\/uploads\/2023\/03\/nor-restaurant-andorra.jpg 1440w\" sizes=\"(max-width: 300px) 100vw, 300px\" \/><\/p><p>N\u00d8R Restaurant Andorra<\/p><p><strong>Nou restaurant N\u00d8R RESTAURANT a Andorra, cuina a base de foc i fum amb ingredients de primera qualitat i carn dels Pirineus<\/strong><\/p><p>Aqu\u00ed teniu el seu instagram per anar obrint boca: <a href=\"https:\/\/www.instagram.com\/norrestaurantandorra\/?hl=es\">N\u00d8R RESTAURANT<\/a><\/p>\t\t\t\t\t\t<\/div>\n\t\t\t\t<\/div>\n\t\t\t\t\t<\/div>\n\t\t<\/div>\n\t\t\t\t\t<\/div>\n\t\t<\/section>\n\t\t\t\t<\/div>\n\t\t","protected":false},"excerpt":{"rendered":"<p>Guia pr\u00e0ctica per gaudir de les teves vacances de Setmana Santa a Andorra. Les 9 millors coses a fer per Setmana Santa a Andorra. Abril a Andorra \u00e9s sin\u00f2nim de bon temps, sol i bones temperatures per\u00f2 tamb\u00e9 neu. Aix\u00ed que aqu\u00ed tens la nostra proposta per aquesta Setmana Santa a Andorra. \u00a0 1. Esqu\u00ed &#8230; <a title=\"Les 9 millors coses a fer a Andorra per Setmana Santa\" class=\"read-more\" href=\"https:\/\/www.mountainhosteltarter.com\/ca\/setmana-santa-andorra\/\" aria-label=\"Read more about Les 9 millors coses a fer a Andorra per Setmana Santa\">Llegir m\u00e9s<\/a><\/p>\n","protected":false},"author":1,"featured_media":19054,"comment_status":"closed","ping_status":"closed","sticky":false,"template":"","format":"standard","meta":{"_glsr_average":0,"_glsr_ranking":0,"_glsr_reviews":0,"footnotes":""},"categories":[484,406,485,412,486,409,415,423,491,489,426,487,431,434,437,440,443,450,453,456,461,471],"tags":[671,565,674,677,678,672,673,675,679,567,566,564,563],"yoast_head":"<!-- This site is optimized with the Yoast SEO plugin v22.8 - https:\/\/yoast.com\/wordpress\/plugins\/seo\/ -->\n<title>Setmana Santa a Andorra: esqu\u00ed i snowboard a Grandvalira<\/title>\n<meta name=\"description\" content=\"Guia pr\u00e0ctica per gaudir de la Setmana Santa a Andorra. Oferta d&#039;allotjament i forfet d&#039;esqu\u00ed a Grandvalira Andorra.\" \/>\n<meta name=\"robots\" content=\"index, follow, max-snippet:-1, max-image-preview:large, max-video-preview:-1\" \/>\n<link rel=\"canonical\" href=\"https:\/\/www.mountainhosteltarter.com\/ca\/setmana-santa-andorra\/\" \/>\n<meta property=\"og:locale\" content=\"ca_ES\" \/>\n<meta property=\"og:type\" content=\"article\" \/>\n<meta property=\"og:title\" content=\"Setmana Santa a Andorra: esqu\u00ed i snowboard a Grandvalira\" \/>\n<meta property=\"og:description\" content=\"Guia pr\u00e0ctica per gaudir de la Setmana Santa a Andorra. Oferta d&#039;allotjament i forfet d&#039;esqu\u00ed a Grandvalira Andorra.\" \/>\n<meta property=\"og:url\" content=\"https:\/\/www.mountainhosteltarter.com\/ca\/setmana-santa-andorra\/\" \/>\n<meta property=\"og:site_name\" content=\"Mountain Hostel Tarter\" \/>\n<meta property=\"article:published_time\" content=\"2025-02-08T00:00:00+00:00\" \/>\n<meta property=\"article:modified_time\" content=\"2025-02-13T15:57:04+00:00\" \/>\n<meta property=\"og:image\" content=\"https:\/\/www.mountainhosteltarter.com\/wp-content\/uploads\/2021\/10\/mountain-hostel-tarter-planes-semana-santa-andorra-scaled.jpg\" \/>\n\t<meta property=\"og:image:width\" content=\"2560\" \/>\n\t<meta property=\"og:image:height\" content=\"1707\" \/>\n\t<meta property=\"og:image:type\" content=\"image\/jpeg\" \/>\n<meta name=\"author\" content=\"netmarqueting\" \/>\n<meta name=\"twitter:card\" content=\"summary_large_image\" \/>\n<meta name=\"twitter:label1\" content=\"Escrit per\" \/>\n\t<meta name=\"twitter:data1\" content=\"netmarqueting\" \/>\n\t<meta name=\"twitter:label2\" content=\"Temps estimat de lectura\" \/>\n\t<meta name=\"twitter:data2\" content=\"9 minuts\" \/>\n<script type=\"application\/ld+json\" class=\"yoast-schema-graph\">{\"@context\":\"https:\/\/schema.org\",\"@graph\":[{\"@type\":\"Article\",\"@id\":\"https:\/\/www.mountainhosteltarter.com\/ca\/setmana-santa-andorra\/#article\",\"isPartOf\":{\"@id\":\"https:\/\/www.mountainhosteltarter.com\/ca\/setmana-santa-andorra\/\"},\"author\":{\"name\":\"netmarqueting\",\"@id\":\"https:\/\/www.mountainhosteltarter.com\/fr\/#\/schema\/person\/f970d723b6486c1685c1869c9f792244\"},\"headline\":\"Les 9 millors coses a fer a Andorra per Setmana Santa\",\"datePublished\":\"2025-02-08T00:00:00+00:00\",\"dateModified\":\"2025-02-13T15:57:04+00:00\",\"mainEntityOfPage\":{\"@id\":\"https:\/\/www.mountainhosteltarter.com\/ca\/setmana-santa-andorra\/\"},\"wordCount\":1352,\"publisher\":{\"@id\":\"https:\/\/www.mountainhosteltarter.com\/fr\/#organization\"},\"image\":{\"@id\":\"https:\/\/www.mountainhosteltarter.com\/ca\/setmana-santa-andorra\/#primaryimage\"},\"thumbnailUrl\":\"https:\/\/www.mountainhosteltarter.com\/wp-content\/uploads\/2021\/10\/mountain-hostel-tarter-planes-semana-santa-andorra-scaled.jpg\",\"keywords\":[\"Eco Hostal\",\"Esquiar a Andorra a l&#039;abril\",\"hostal Andorra\",\"hostal eco-friendly\",\"hostal Tarter\",\"hostel 5 estrelles\",\"hostel 5 estrelles a Andorra\",\"hostel amb piscina\",\"millor hostel d'Andorra\",\"oferta esquiar a Grandvalira per setmana santa\",\"Oferta hotel + forfet\",\"Ofertes esqu\u00ed setmana santa Andorra\",\"Setmana Santa a Andorra\"],\"articleSection\":[\"Alberg a Andorra\",\"Albergs a Andorra\",\"Allotjament a Andorra\",\"Allotjament a Andorra\",\"Allotjament a peu de pistes de Grandvalira-Andorra\",\"Alojamiento a pie de pistas de Grandvalira-Andorra\",\"Andorra @ca\",\"Esqu\u00ed de monta\u00f1a en Andorra\",\"Esqu\u00ed de muntanya a Andorra\",\"Esqu\u00ed i Snowboard a Grandvalira-Andorra\",\"Esqu\u00ed i snowboard a Grandvalira-Andorra\",\"Estat de pistes\",\"Events Andorra\",\"Forfet\",\"Freeride Andorra Grandvalira\",\"Freestyle Andorra-Grandvalira @ca\",\"Grandvalira Andorra@ca\",\"Noticies\",\"Oferta d&#039;allotjament m\u00e9s forfet d&#039;esqu\u00ed a Grandvalira\",\"Refugi de muntanya a Andorra\",\"Temps, meteo actual i previsi\u00f3\",\"Vacances d&#039;esqu\u00ed a Andorra\"],\"inLanguage\":\"ca\"},{\"@type\":\"WebPage\",\"@id\":\"https:\/\/www.mountainhosteltarter.com\/ca\/setmana-santa-andorra\/\",\"url\":\"https:\/\/www.mountainhosteltarter.com\/ca\/setmana-santa-andorra\/\",\"name\":\"Setmana Santa a Andorra: esqu\u00ed i snowboard a Grandvalira\",\"isPartOf\":{\"@id\":\"https:\/\/www.mountainhosteltarter.com\/fr\/#website\"},\"primaryImageOfPage\":{\"@id\":\"https:\/\/www.mountainhosteltarter.com\/ca\/setmana-santa-andorra\/#primaryimage\"},\"image\":{\"@id\":\"https:\/\/www.mountainhosteltarter.com\/ca\/setmana-santa-andorra\/#primaryimage\"},\"thumbnailUrl\":\"https:\/\/www.mountainhosteltarter.com\/wp-content\/uploads\/2021\/10\/mountain-hostel-tarter-planes-semana-santa-andorra-scaled.jpg\",\"datePublished\":\"2025-02-08T00:00:00+00:00\",\"dateModified\":\"2025-02-13T15:57:04+00:00\",\"description\":\"Guia pr\u00e0ctica per gaudir de la Setmana Santa a Andorra. Oferta d'allotjament i forfet d'esqu\u00ed a Grandvalira Andorra.\",\"breadcrumb\":{\"@id\":\"https:\/\/www.mountainhosteltarter.com\/ca\/setmana-santa-andorra\/#breadcrumb\"},\"inLanguage\":\"ca\",\"potentialAction\":[{\"@type\":\"ReadAction\",\"target\":[\"https:\/\/www.mountainhosteltarter.com\/ca\/setmana-santa-andorra\/\"]}]},{\"@type\":\"ImageObject\",\"inLanguage\":\"ca\",\"@id\":\"https:\/\/www.mountainhosteltarter.com\/ca\/setmana-santa-andorra\/#primaryimage\",\"url\":\"https:\/\/www.mountainhosteltarter.com\/wp-content\/uploads\/2021\/10\/mountain-hostel-tarter-planes-semana-santa-andorra-scaled.jpg\",\"contentUrl\":\"https:\/\/www.mountainhosteltarter.com\/wp-content\/uploads\/2021\/10\/mountain-hostel-tarter-planes-semana-santa-andorra-scaled.jpg\",\"width\":2560,\"height\":1707,\"caption\":\"|Esqu\u00ed Grandvalira Andorra|||||||\"},{\"@type\":\"BreadcrumbList\",\"@id\":\"https:\/\/www.mountainhosteltarter.com\/ca\/setmana-santa-andorra\/#breadcrumb\",\"itemListElement\":[{\"@type\":\"ListItem\",\"position\":1,\"name\":\"Portada\",\"item\":\"https:\/\/www.mountainhosteltarter.com\/ca\/\"},{\"@type\":\"ListItem\",\"position\":2,\"name\":\"Les 9 millors coses a fer a Andorra per Setmana Santa\"}]},{\"@type\":\"WebSite\",\"@id\":\"https:\/\/www.mountainhosteltarter.com\/fr\/#website\",\"url\":\"https:\/\/www.mountainhosteltarter.com\/fr\/\",\"name\":\"Mountain Hostel Tarter\",\"description\":\"El mejor Hostal en Grandvalira Andorra\",\"publisher\":{\"@id\":\"https:\/\/www.mountainhosteltarter.com\/fr\/#organization\"},\"potentialAction\":[{\"@type\":\"SearchAction\",\"target\":{\"@type\":\"EntryPoint\",\"urlTemplate\":\"https:\/\/www.mountainhosteltarter.com\/fr\/?s={search_term_string}\"},\"query-input\":\"required name=search_term_string\"}],\"inLanguage\":\"ca\"},{\"@type\":\"Organization\",\"@id\":\"https:\/\/www.mountainhosteltarter.com\/fr\/#organization\",\"name\":\"Mountain Hostel Tarter\",\"url\":\"https:\/\/www.mountainhosteltarter.com\/fr\/\",\"logo\":{\"@type\":\"ImageObject\",\"inLanguage\":\"ca\",\"@id\":\"https:\/\/www.mountainhosteltarter.com\/fr\/#\/schema\/logo\/image\/\",\"url\":\"https:\/\/www.mountainhosteltarter.com\/wp-content\/uploads\/2021\/08\/logo.png\",\"contentUrl\":\"https:\/\/www.mountainhosteltarter.com\/wp-content\/uploads\/2021\/08\/logo.png\",\"width\":200,\"height\":103,\"caption\":\"Mountain Hostel Tarter\"},\"image\":{\"@id\":\"https:\/\/www.mountainhosteltarter.com\/fr\/#\/schema\/logo\/image\/\"}},{\"@type\":\"Person\",\"@id\":\"https:\/\/www.mountainhosteltarter.com\/fr\/#\/schema\/person\/f970d723b6486c1685c1869c9f792244\",\"name\":\"netmarqueting\",\"image\":{\"@type\":\"ImageObject\",\"inLanguage\":\"ca\",\"@id\":\"https:\/\/www.mountainhosteltarter.com\/fr\/#\/schema\/person\/image\/\",\"url\":\"https:\/\/secure.gravatar.com\/avatar\/24103386a3bf174fbe623a4739042b16?s=96&d=mm&r=g\",\"contentUrl\":\"https:\/\/secure.gravatar.com\/avatar\/24103386a3bf174fbe623a4739042b16?s=96&d=mm&r=g\",\"caption\":\"netmarqueting\"},\"sameAs\":[\"https:\/\/www.mountainhosteltarter.com\"]}]}<\/script>\n<!-- \/ Yoast SEO plugin. -->","yoast_head_json":{"title":"Setmana Santa a Andorra: esqu\u00ed i snowboard a Grandvalira","description":"Guia pr\u00e0ctica per gaudir de la Setmana Santa a Andorra. Oferta d'allotjament i forfet d'esqu\u00ed a Grandvalira Andorra.","robots":{"index":"index","follow":"follow","max-snippet":"max-snippet:-1","max-image-preview":"max-image-preview:large","max-video-preview":"max-video-preview:-1"},"canonical":"https:\/\/www.mountainhosteltarter.com\/ca\/setmana-santa-andorra\/","og_locale":"ca_ES","og_type":"article","og_title":"Setmana Santa a Andorra: esqu\u00ed i snowboard a Grandvalira","og_description":"Guia pr\u00e0ctica per gaudir de la Setmana Santa a Andorra. Oferta d'allotjament i forfet d'esqu\u00ed a Grandvalira Andorra.","og_url":"https:\/\/www.mountainhosteltarter.com\/ca\/setmana-santa-andorra\/","og_site_name":"Mountain Hostel Tarter","article_published_time":"2025-02-08T00:00:00+00:00","article_modified_time":"2025-02-13T15:57:04+00:00","og_image":[{"width":2560,"height":1707,"url":"https:\/\/www.mountainhosteltarter.com\/wp-content\/uploads\/2021\/10\/mountain-hostel-tarter-planes-semana-santa-andorra-scaled.jpg","type":"image\/jpeg"}],"author":"netmarqueting","twitter_card":"summary_large_image","twitter_misc":{"Escrit per":"netmarqueting","Temps estimat de lectura":"9 minuts"},"schema":{"@context":"https:\/\/schema.org","@graph":[{"@type":"Article","@id":"https:\/\/www.mountainhosteltarter.com\/ca\/setmana-santa-andorra\/#article","isPartOf":{"@id":"https:\/\/www.mountainhosteltarter.com\/ca\/setmana-santa-andorra\/"},"author":{"name":"netmarqueting","@id":"https:\/\/www.mountainhosteltarter.com\/fr\/#\/schema\/person\/f970d723b6486c1685c1869c9f792244"},"headline":"Les 9 millors coses a fer a Andorra per Setmana Santa","datePublished":"2025-02-08T00:00:00+00:00","dateModified":"2025-02-13T15:57:04+00:00","mainEntityOfPage":{"@id":"https:\/\/www.mountainhosteltarter.com\/ca\/setmana-santa-andorra\/"},"wordCount":1352,"publisher":{"@id":"https:\/\/www.mountainhosteltarter.com\/fr\/#organization"},"image":{"@id":"https:\/\/www.mountainhosteltarter.com\/ca\/setmana-santa-andorra\/#primaryimage"},"thumbnailUrl":"https:\/\/www.mountainhosteltarter.com\/wp-content\/uploads\/2021\/10\/mountain-hostel-tarter-planes-semana-santa-andorra-scaled.jpg","keywords":["Eco Hostal","Esquiar a Andorra a l&#039;abril","hostal Andorra","hostal eco-friendly","hostal Tarter","hostel 5 estrelles","hostel 5 estrelles a Andorra","hostel amb piscina","millor hostel d'Andorra","oferta esquiar a Grandvalira per setmana santa","Oferta hotel + forfet","Ofertes esqu\u00ed setmana santa Andorra","Setmana Santa a Andorra"],"articleSection":["Alberg a Andorra","Albergs a Andorra","Allotjament a Andorra","Allotjament a Andorra","Allotjament a peu de pistes de Grandvalira-Andorra","Alojamiento a pie de pistas de Grandvalira-Andorra","Andorra @ca","Esqu\u00ed de monta\u00f1a en Andorra","Esqu\u00ed de muntanya a Andorra","Esqu\u00ed i Snowboard a Grandvalira-Andorra","Esqu\u00ed i snowboard a Grandvalira-Andorra","Estat de pistes","Events Andorra","Forfet","Freeride Andorra Grandvalira","Freestyle Andorra-Grandvalira @ca","Grandvalira Andorra@ca","Noticies","Oferta d&#039;allotjament m\u00e9s forfet d&#039;esqu\u00ed a Grandvalira","Refugi de muntanya a Andorra","Temps, meteo actual i previsi\u00f3","Vacances d&#039;esqu\u00ed a Andorra"],"inLanguage":"ca"},{"@type":"WebPage","@id":"https:\/\/www.mountainhosteltarter.com\/ca\/setmana-santa-andorra\/","url":"https:\/\/www.mountainhosteltarter.com\/ca\/setmana-santa-andorra\/","name":"Setmana Santa a Andorra: esqu\u00ed i snowboard a Grandvalira","isPartOf":{"@id":"https:\/\/www.mountainhosteltarter.com\/fr\/#website"},"primaryImageOfPage":{"@id":"https:\/\/www.mountainhosteltarter.com\/ca\/setmana-santa-andorra\/#primaryimage"},"image":{"@id":"https:\/\/www.mountainhosteltarter.com\/ca\/setmana-santa-andorra\/#primaryimage"},"thumbnailUrl":"https:\/\/www.mountainhosteltarter.com\/wp-content\/uploads\/2021\/10\/mountain-hostel-tarter-planes-semana-santa-andorra-scaled.jpg","datePublished":"2025-02-08T00:00:00+00:00","dateModified":"2025-02-13T15:57:04+00:00","description":"Guia pr\u00e0ctica per gaudir de la Setmana Santa a Andorra. Oferta d'allotjament i forfet d'esqu\u00ed a Grandvalira Andorra.","breadcrumb":{"@id":"https:\/\/www.mountainhosteltarter.com\/ca\/setmana-santa-andorra\/#breadcrumb"},"inLanguage":"ca","potentialAction":[{"@type":"ReadAction","target":["https:\/\/www.mountainhosteltarter.com\/ca\/setmana-santa-andorra\/"]}]},{"@type":"ImageObject","inLanguage":"ca","@id":"https:\/\/www.mountainhosteltarter.com\/ca\/setmana-santa-andorra\/#primaryimage","url":"https:\/\/www.mountainhosteltarter.com\/wp-content\/uploads\/2021\/10\/mountain-hostel-tarter-planes-semana-santa-andorra-scaled.jpg","contentUrl":"https:\/\/www.mountainhosteltarter.com\/wp-content\/uploads\/2021\/10\/mountain-hostel-tarter-planes-semana-santa-andorra-scaled.jpg","width":2560,"height":1707,"caption":"|Esqu\u00ed Grandvalira Andorra|||||||"},{"@type":"BreadcrumbList","@id":"https:\/\/www.mountainhosteltarter.com\/ca\/setmana-santa-andorra\/#breadcrumb","itemListElement":[{"@type":"ListItem","position":1,"name":"Portada","item":"https:\/\/www.mountainhosteltarter.com\/ca\/"},{"@type":"ListItem","position":2,"name":"Les 9 millors coses a fer a Andorra per Setmana Santa"}]},{"@type":"WebSite","@id":"https:\/\/www.mountainhosteltarter.com\/fr\/#website","url":"https:\/\/www.mountainhosteltarter.com\/fr\/","name":"Mountain Hostel Tarter","description":"El mejor Hostal en Grandvalira Andorra","publisher":{"@id":"https:\/\/www.mountainhosteltarter.com\/fr\/#organization"},"potentialAction":[{"@type":"SearchAction","target":{"@type":"EntryPoint","urlTemplate":"https:\/\/www.mountainhosteltarter.com\/fr\/?s={search_term_string}"},"query-input":"required name=search_term_string"}],"inLanguage":"ca"},{"@type":"Organization","@id":"https:\/\/www.mountainhosteltarter.com\/fr\/#organization","name":"Mountain Hostel Tarter","url":"https:\/\/www.mountainhosteltarter.com\/fr\/","logo":{"@type":"ImageObject","inLanguage":"ca","@id":"https:\/\/www.mountainhosteltarter.com\/fr\/#\/schema\/logo\/image\/","url":"https:\/\/www.mountainhosteltarter.com\/wp-content\/uploads\/2021\/08\/logo.png","contentUrl":"https:\/\/www.mountainhosteltarter.com\/wp-content\/uploads\/2021\/08\/logo.png","width":200,"height":103,"caption":"Mountain Hostel Tarter"},"image":{"@id":"https:\/\/www.mountainhosteltarter.com\/fr\/#\/schema\/logo\/image\/"}},{"@type":"Person","@id":"https:\/\/www.mountainhosteltarter.com\/fr\/#\/schema\/person\/f970d723b6486c1685c1869c9f792244","name":"netmarqueting","image":{"@type":"ImageObject","inLanguage":"ca","@id":"https:\/\/www.mountainhosteltarter.com\/fr\/#\/schema\/person\/image\/","url":"https:\/\/secure.gravatar.com\/avatar\/24103386a3bf174fbe623a4739042b16?s=96&d=mm&r=g","contentUrl":"https:\/\/secure.gravatar.com\/avatar\/24103386a3bf174fbe623a4739042b16?s=96&d=mm&r=g","caption":"netmarqueting"},"sameAs":["https:\/\/www.mountainhosteltarter.com"]}]}},"_links":{"self":[{"href":"https:\/\/www.mountainhosteltarter.com\/ca\/wp-json\/wp\/v2\/posts\/19180"}],"collection":[{"href":"https:\/\/www.mountainhosteltarter.com\/ca\/wp-json\/wp\/v2\/posts"}],"about":[{"href":"https:\/\/www.mountainhosteltarter.com\/ca\/wp-json\/wp\/v2\/types\/post"}],"author":[{"embeddable":true,"href":"https:\/\/www.mountainhosteltarter.com\/ca\/wp-json\/wp\/v2\/users\/1"}],"replies":[{"embeddable":true,"href":"https:\/\/www.mountainhosteltarter.com\/ca\/wp-json\/wp\/v2\/comments?post=19180"}],"version-history":[{"count":30,"href":"https:\/\/www.mountainhosteltarter.com\/ca\/wp-json\/wp\/v2\/posts\/19180\/revisions"}],"predecessor-version":[{"id":43203,"href":"https:\/\/www.mountainhosteltarter.com\/ca\/wp-json\/wp\/v2\/posts\/19180\/revisions\/43203"}],"wp:featuredmedia":[{"embeddable":true,"href":"https:\/\/www.mountainhosteltarter.com\/ca\/wp-json\/wp\/v2\/media\/19054"}],"wp:attachment":[{"href":"https:\/\/www.mountainhosteltarter.com\/ca\/wp-json\/wp\/v2\/media?parent=19180"}],"wp:term":[{"taxonomy":"category","embeddable":true,"href":"https:\/\/www.mountainhosteltarter.com\/ca\/wp-json\/wp\/v2\/categories?post=19180"},{"taxonomy":"post_tag","embeddable":true,"href":"https:\/\/www.mountainhosteltarter.com\/ca\/wp-json\/wp\/v2\/tags?post=19180"}],"curies":[{"name":"wp","href":"https:\/\/api.w.org\/{rel}","templated":true}]}}