{"id":42542,"date":"2025-10-13T14:55:16","date_gmt":"2025-10-13T14:55:16","guid":{"rendered":"https:\/\/www.mountainhosteltarter.com\/que-fer-per-nadal-a-andorra\/"},"modified":"2024-12-13T17:24:39","modified_gmt":"2024-12-13T17:24:39","slug":"que-fer-per-nadal-a-andorra","status":"publish","type":"post","link":"https:\/\/www.mountainhosteltarter.com\/ca\/que-fer-per-nadal-a-andorra\/","title":{"rendered":"Qu\u00e8 fer per Nadal a Andorra"},"content":{"rendered":"\t\t<div data-elementor-type=\"wp-post\" data-elementor-id=\"42542\" class=\"elementor elementor-42542 elementor-42518\">\n\t\t\t\t\t\t<section class=\"elementor-section elementor-top-section elementor-element elementor-element-48ca0ea elementor-section-boxed elementor-section-height-default elementor-section-height-default\" data-id=\"48ca0ea\" data-element_type=\"section\">\n\t\t\t\t\t\t<div class=\"elementor-container elementor-column-gap-default\">\n\t\t\t\t\t<div class=\"elementor-column elementor-col-100 elementor-top-column elementor-element elementor-element-5b336368\" data-id=\"5b336368\" data-element_type=\"column\">\n\t\t\t<div class=\"elementor-widget-wrap elementor-element-populated\">\n\t\t\t\t\t\t<div class=\"elementor-element elementor-element-2a9b7ae5 elementor-widget elementor-widget-text-editor\" data-id=\"2a9b7ae5\" data-element_type=\"widget\" data-widget_type=\"text-editor.default\">\n\t\t\t\t<div class=\"elementor-widget-container\">\n\t\t\t<style>\/*! elementor - v3.21.0 - 26-05-2024 *\/\n.elementor-widget-text-editor.elementor-drop-cap-view-stacked .elementor-drop-cap{background-color:#69727d;color:#fff}.elementor-widget-text-editor.elementor-drop-cap-view-framed .elementor-drop-cap{color:#69727d;border:3px solid;background-color:transparent}.elementor-widget-text-editor:not(.elementor-drop-cap-view-default) .elementor-drop-cap{margin-top:8px}.elementor-widget-text-editor:not(.elementor-drop-cap-view-default) .elementor-drop-cap-letter{width:1em;height:1em}.elementor-widget-text-editor .elementor-drop-cap{float:left;text-align:center;line-height:1;font-size:50px}.elementor-widget-text-editor .elementor-drop-cap-letter{display:inline-block}<\/style>\t\t\t\t<p>Les primeres nevades de la temporada auguren un Nadal especial a Andorra, amb paisatges de muntanya nevats, activitats a l\u2019aire lliure i una agenda d\u2019activitats l\u00fadiques i culturals molt variades. El <strong>Mountain Hostel Tarter<\/strong> \u00e9s el punt de partida perfecte per gaudir de tot el que Andorra ofereix aquest final d\u2019any. <\/p>\n<p>Tant si ets un esquiador nat, com si prefereixes explorar rutes nevades o descarregar adrenalina amb el freeride, <strong>Andorra \u00e9s el teu dest\u00ed aquest Nadal.<\/strong> Pren nota de les propostes que t\u2019oferim per viure un Nadal en plena muntanya. <\/p>\n<h2><strong>1. Rutes de senderisme per la Vall d\u2019Incles a l\u2019hivern<\/strong><\/h2>\n<p>La Vall d\u2019Incles, situada a pocs minuts del Mountain Hostel Tarter, \u00e9s un dest\u00ed predilecte per als amants del senderisme a l\u2019hivern. Aquest indret, conegut per la seva bellesa natural, es transforma durant els mesos m\u00e9s freds en un paisatge cobert de neu, ideal per a rutes amb raquetes de neu. <\/p>\n<p>Entre les opcions m\u00e9s destacades, hi ha el cam\u00ed cap al <strong>refugi de Cabana Sorda <\/strong>o el <strong>refugi de Siscar\u00f3<\/strong>, dues rutes de dificultat moderada que ofereixen vistes panor\u00e0miques de les muntanyes nevades i que no superen els 500 metres de desnivell. Una altra opci\u00f3 \u00e9s el cam\u00ed cap al <strong>llac de Jucl\u00e0<\/strong>, el m\u00e9s gran d\u2019Andorra, situat a 2.300 metres, que a l\u2019hivern es converteix en un espectacle de gel i neu. Totes les rutes s\u00f3n perfectes per gaudir del silenci i la desconnexi\u00f3 que ofereixen els Pirineus.  <\/p>\n<h2><strong>2. Esqu\u00ed a Grandvalira<\/strong><\/h2>\n<p><strong>Grandvalira \u00e9s l\u2019estaci\u00f3 m\u00e9s gran dels Pirineus<\/strong>, amb m\u00e9s de 210 quil\u00f2metres de pistes, fet que la converteix en una opci\u00f3 perfecta per a les teves vacances de Nadal a Andorra. T\u00e9 set sectors comunicats entre si i ofereix opcions per a tots els nivells, des de principiants fins a experts que busquen descensos m\u00e9s t\u00e8cnics. <\/p>\n<p>Si t\u2019allotges al Mountain Hostel Tarter, l\u2019acc\u00e9s a les pistes de Grandvalira \u00e9s molt senzill, ja que el sector El Tarter est\u00e0 a nom\u00e9s 10 minuts caminant. I just al punt de sortida del telecabina d\u2019El Tarter, hi trobar\u00e0s <strong>l\u2019apr\u00e8s-ski m\u00e9s emblem\u00e0tic d\u2019Andorra, <a href=\"http:\/\/www.abarset.com\" target=\"_blank\" rel=\"noopener\">l\u2019Abarset.<\/a> <\/strong>Amb una agenda \u00fanica de concerts i festes, voldr\u00e0s allargar el teu dia a Grandvalira.  <\/p>\n<h2><img fetchpriority=\"high\" decoding=\"async\" class=\"alignnone wp-image-42528 size-large\" src=\"https:\/\/www.mountainhosteltarter.com\/wp-content\/uploads\/2024\/12\/Abarset-Grandvalira-804x1024.jpg\" alt=\"abarset grandvalira\" width=\"804\" height=\"1024\" srcset=\"https:\/\/www.mountainhosteltarter.com\/wp-content\/uploads\/2024\/12\/Abarset-Grandvalira-804x1024.jpg 804w, https:\/\/www.mountainhosteltarter.com\/wp-content\/uploads\/2024\/12\/Abarset-Grandvalira-236x300.jpg 236w, https:\/\/www.mountainhosteltarter.com\/wp-content\/uploads\/2024\/12\/Abarset-Grandvalira-768x978.jpg 768w, https:\/\/www.mountainhosteltarter.com\/wp-content\/uploads\/2024\/12\/Abarset-Grandvalira-500x637.jpg 500w, https:\/\/www.mountainhosteltarter.com\/wp-content\/uploads\/2024\/12\/Abarset-Grandvalira-800x1019.jpg 800w, https:\/\/www.mountainhosteltarter.com\/wp-content\/uploads\/2024\/12\/Abarset-Grandvalira.jpg 886w\" sizes=\"(max-width: 804px) 100vw, 804px\" \/><\/h2>\n<h2><strong>3. Freeride a Grandvalira<\/strong><\/h2>\n<p>Si busques emocions fortes i explorar la muntanya d\u2019una manera m\u00e9s lliure, el freeride a Grandvalira \u00e9s una experi\u00e8ncia que no et pots perdre, sobretot despr\u00e9s de dies de nevades. Aquest dest\u00ed \u00e9s reconegut com un dels millors per practicar freeride als Pirineus, gr\u00e0cies al seu terreny variat i zones de neu verge. <\/p>\n<p><strong>Sectors com l&#8217;Encampadana i el Pic Blanc <\/strong>s\u00f3n ideals per als esquiadors m\u00e9s atrevits, oferint descensos m\u00e9s t\u00e8cnics i paisatges impressionants. A m\u00e9s, la seguretat \u00e9s una prioritat a Grandvalira, amb zones marcades per a freeride i guies experimentats disponibles per a qui vulgui descobrir les millors l\u00ednies. Practicar freeride per Nadal \u00e9s la manera perfecta de connectar amb la muntanya en el seu estat m\u00e9s pur.  <\/p>\n<p><img decoding=\"async\" class=\"alignnone wp-image-42520 size-large\" src=\"https:\/\/www.mountainhosteltarter.com\/wp-content\/uploads\/2024\/12\/Freeride_El-Tarter-1024x682.jpg\" alt=\"freeride el tarter\" width=\"1024\" height=\"682\" srcset=\"https:\/\/www.mountainhosteltarter.com\/wp-content\/uploads\/2024\/12\/Freeride_El-Tarter-1024x682.jpg 1024w, https:\/\/www.mountainhosteltarter.com\/wp-content\/uploads\/2024\/12\/Freeride_El-Tarter-300x200.jpg 300w, https:\/\/www.mountainhosteltarter.com\/wp-content\/uploads\/2024\/12\/Freeride_El-Tarter-768x512.jpg 768w, https:\/\/www.mountainhosteltarter.com\/wp-content\/uploads\/2024\/12\/Freeride_El-Tarter-500x333.jpg 500w, https:\/\/www.mountainhosteltarter.com\/wp-content\/uploads\/2024\/12\/Freeride_El-Tarter-800x533.jpg 800w, https:\/\/www.mountainhosteltarter.com\/wp-content\/uploads\/2024\/12\/Freeride_El-Tarter.jpg 1181w\" sizes=\"(max-width: 1024px) 100vw, 1024px\" \/><\/p>\n<h2><strong>4. Poblet de Nadal d&#8217;Andorra la Vella<\/strong><\/h2>\n<p>Una activitat m\u00e9s l\u00fadica, i que no et pots perdre aquestes dates si est\u00e0s a Andorra, \u00e9s el <strong>Poblet de Nadal,<\/strong> situat a la pla\u00e7a del poble d\u2019Andorra la Vella. Aquest mercat, aut\u00e8ntic de veure, combina parades d\u2019artesania, productes locals i decoraci\u00f3 de Nadal. No et perdis les actuacions musicals, espectacles pels carrers principals i la il\u00b7luminaci\u00f3 que ho envolta tot en una atmosfera m\u00e0gica. Del 29 de novembre al 5 de gener del 2025.   <\/p>\n<p><img decoding=\"async\" class=\"alignnone wp-image-42524 size-full\" src=\"https:\/\/www.mountainhosteltarter.com\/wp-content\/uploads\/2024\/12\/Poblet-de-Nadal.jpg\" alt=\"poblet de nadal\" width=\"799\" height=\"533\" srcset=\"https:\/\/www.mountainhosteltarter.com\/wp-content\/uploads\/2024\/12\/Poblet-de-Nadal.jpg 799w, https:\/\/www.mountainhosteltarter.com\/wp-content\/uploads\/2024\/12\/Poblet-de-Nadal-300x200.jpg 300w, https:\/\/www.mountainhosteltarter.com\/wp-content\/uploads\/2024\/12\/Poblet-de-Nadal-768x512.jpg 768w, https:\/\/www.mountainhosteltarter.com\/wp-content\/uploads\/2024\/12\/Poblet-de-Nadal-500x334.jpg 500w\" sizes=\"(max-width: 799px) 100vw, 799px\" \/><\/p>\n<p><a href=\"https:\/\/www.mountainhosteltarter.com\/ca\/espais\/habitacions\/\"><strong>Reserva les teves vacances amb nosaltres!<\/strong><\/a><\/p>\n\t\t\t\t\t\t<\/div>\n\t\t\t\t<\/div>\n\t\t\t\t\t<\/div>\n\t\t<\/div>\n\t\t\t\t\t<\/div>\n\t\t<\/section>\n\t\t\t\t<\/div>\n\t\t","protected":false},"excerpt":{"rendered":"<p>Les primeres nevades de la temporada auguren un Nadal especial a Andorra, amb paisatges de muntanya nevats, activitats a l\u2019aire lliure i una agenda d\u2019activitats l\u00fadiques i culturals molt variada. <\/p>\n","protected":false},"author":13,"featured_media":42536,"comment_status":"closed","ping_status":"closed","sticky":false,"template":"","format":"standard","meta":{"_glsr_average":0,"_glsr_ranking":0,"_glsr_reviews":0,"footnotes":""},"categories":[409,415,426,437,443,471],"tags":[787,788,674,679,670],"yoast_head":"<!-- This site is optimized with the Yoast SEO plugin v22.8 - https:\/\/yoast.com\/wordpress\/plugins\/seo\/ -->\n<title>Nadal a Andorra - Mountain Hostel Tarter<\/title>\n<meta name=\"description\" content=\"Qu\u00e8 fer per Nadal a Andorra: rutes de senderisme, esqu\u00ed a Grandvalira i gastronomia local de qualitat. T\u2019hi apuntes?\" \/>\n<meta name=\"robots\" content=\"index, follow, max-snippet:-1, max-image-preview:large, max-video-preview:-1\" \/>\n<link rel=\"canonical\" href=\"https:\/\/www.mountainhosteltarter.com\/que-hacer-en-navidad-en-andorra\/\" \/>\n<meta property=\"og:locale\" content=\"ca_ES\" \/>\n<meta property=\"og:type\" content=\"article\" \/>\n<meta property=\"og:title\" content=\"Nadal a Andorra - Mountain Hostel Tarter\" \/>\n<meta property=\"og:description\" content=\"Qu\u00e8 fer per Nadal a Andorra: rutes de senderisme, esqu\u00ed a Grandvalira i gastronomia local de qualitat. T\u2019hi apuntes?\" \/>\n<meta property=\"og:url\" content=\"https:\/\/www.mountainhosteltarter.com\/que-hacer-en-navidad-en-andorra\/\" \/>\n<meta property=\"og:site_name\" content=\"Mountain Hostel Tarter\" \/>\n<meta property=\"article:published_time\" content=\"2025-10-13T14:55:16+00:00\" \/>\n<meta property=\"article:modified_time\" content=\"2024-12-13T17:24:39+00:00\" \/>\n<meta property=\"og:image\" content=\"https:\/\/www.mountainhosteltarter.com\/wp-content\/uploads\/2024\/12\/Freeride-Grandvalira.jpg\" \/>\n\t<meta property=\"og:image:width\" content=\"1181\" \/>\n\t<meta property=\"og:image:height\" content=\"664\" \/>\n\t<meta property=\"og:image:type\" content=\"image\/jpeg\" \/>\n<meta name=\"author\" content=\"Blegend\" \/>\n<meta name=\"twitter:card\" content=\"summary_large_image\" \/>\n<meta name=\"twitter:label1\" content=\"Escrit per\" \/>\n\t<meta name=\"twitter:data1\" content=\"Blegend\" \/>\n\t<meta name=\"twitter:label2\" content=\"Temps estimat de lectura\" \/>\n\t<meta name=\"twitter:data2\" content=\"3 minuts\" \/>\n<script type=\"application\/ld+json\" class=\"yoast-schema-graph\">{\"@context\":\"https:\/\/schema.org\",\"@graph\":[{\"@type\":\"Article\",\"@id\":\"https:\/\/www.mountainhosteltarter.com\/que-hacer-en-navidad-en-andorra\/#article\",\"isPartOf\":{\"@id\":\"https:\/\/www.mountainhosteltarter.com\/que-hacer-en-navidad-en-andorra\/\"},\"author\":{\"name\":\"Blegend\",\"@id\":\"https:\/\/www.mountainhosteltarter.com\/fr\/#\/schema\/person\/e6f4f0a6b928c18fd21124eef7c51ad7\"},\"headline\":\"Qu\u00e8 fer per Nadal a Andorra\",\"datePublished\":\"2025-10-13T14:55:16+00:00\",\"dateModified\":\"2024-12-13T17:24:39+00:00\",\"mainEntityOfPage\":{\"@id\":\"https:\/\/www.mountainhosteltarter.com\/que-hacer-en-navidad-en-andorra\/\"},\"wordCount\":622,\"publisher\":{\"@id\":\"https:\/\/www.mountainhosteltarter.com\/fr\/#organization\"},\"image\":{\"@id\":\"https:\/\/www.mountainhosteltarter.com\/que-hacer-en-navidad-en-andorra\/#primaryimage\"},\"thumbnailUrl\":\"https:\/\/www.mountainhosteltarter.com\/wp-content\/uploads\/2024\/12\/Freeride-Grandvalira.jpg\",\"keywords\":[\"grandvalira\",\"grandvalira\",\"hostal Andorra\",\"millor hostel d'Andorra\",\"Mountain Hostal Tarter\"],\"articleSection\":[\"Alojamiento a pie de pistas de Grandvalira-Andorra\",\"Andorra @ca\",\"Esqu\u00ed i snowboard a Grandvalira-Andorra\",\"Freeride Andorra Grandvalira\",\"Grandvalira Andorra@ca\",\"Vacances d&#039;esqu\u00ed a Andorra\"],\"inLanguage\":\"ca\"},{\"@type\":\"WebPage\",\"@id\":\"https:\/\/www.mountainhosteltarter.com\/que-hacer-en-navidad-en-andorra\/\",\"url\":\"https:\/\/www.mountainhosteltarter.com\/que-hacer-en-navidad-en-andorra\/\",\"name\":\"Nadal a Andorra - Mountain Hostel Tarter\",\"isPartOf\":{\"@id\":\"https:\/\/www.mountainhosteltarter.com\/fr\/#website\"},\"primaryImageOfPage\":{\"@id\":\"https:\/\/www.mountainhosteltarter.com\/que-hacer-en-navidad-en-andorra\/#primaryimage\"},\"image\":{\"@id\":\"https:\/\/www.mountainhosteltarter.com\/que-hacer-en-navidad-en-andorra\/#primaryimage\"},\"thumbnailUrl\":\"https:\/\/www.mountainhosteltarter.com\/wp-content\/uploads\/2024\/12\/Freeride-Grandvalira.jpg\",\"datePublished\":\"2025-10-13T14:55:16+00:00\",\"dateModified\":\"2024-12-13T17:24:39+00:00\",\"description\":\"Qu\u00e8 fer per Nadal a Andorra: rutes de senderisme, esqu\u00ed a Grandvalira i gastronomia local de qualitat. T\u2019hi apuntes?\",\"breadcrumb\":{\"@id\":\"https:\/\/www.mountainhosteltarter.com\/que-hacer-en-navidad-en-andorra\/#breadcrumb\"},\"inLanguage\":\"ca\",\"potentialAction\":[{\"@type\":\"ReadAction\",\"target\":[\"https:\/\/www.mountainhosteltarter.com\/que-hacer-en-navidad-en-andorra\/\"]}]},{\"@type\":\"ImageObject\",\"inLanguage\":\"ca\",\"@id\":\"https:\/\/www.mountainhosteltarter.com\/que-hacer-en-navidad-en-andorra\/#primaryimage\",\"url\":\"https:\/\/www.mountainhosteltarter.com\/wp-content\/uploads\/2024\/12\/Freeride-Grandvalira.jpg\",\"contentUrl\":\"https:\/\/www.mountainhosteltarter.com\/wp-content\/uploads\/2024\/12\/Freeride-Grandvalira.jpg\",\"width\":1181,\"height\":664,\"caption\":\"freeride en grandvalira\"},{\"@type\":\"BreadcrumbList\",\"@id\":\"https:\/\/www.mountainhosteltarter.com\/que-hacer-en-navidad-en-andorra\/#breadcrumb\",\"itemListElement\":[{\"@type\":\"ListItem\",\"position\":1,\"name\":\"Portada\",\"item\":\"https:\/\/www.mountainhosteltarter.com\/ca\/\"},{\"@type\":\"ListItem\",\"position\":2,\"name\":\"Qu\u00e8 fer per Nadal a Andorra\"}]},{\"@type\":\"WebSite\",\"@id\":\"https:\/\/www.mountainhosteltarter.com\/fr\/#website\",\"url\":\"https:\/\/www.mountainhosteltarter.com\/fr\/\",\"name\":\"Mountain Hostel Tarter\",\"description\":\"El mejor Hostal en Grandvalira Andorra\",\"publisher\":{\"@id\":\"https:\/\/www.mountainhosteltarter.com\/fr\/#organization\"},\"potentialAction\":[{\"@type\":\"SearchAction\",\"target\":{\"@type\":\"EntryPoint\",\"urlTemplate\":\"https:\/\/www.mountainhosteltarter.com\/fr\/?s={search_term_string}\"},\"query-input\":\"required name=search_term_string\"}],\"inLanguage\":\"ca\"},{\"@type\":\"Organization\",\"@id\":\"https:\/\/www.mountainhosteltarter.com\/fr\/#organization\",\"name\":\"Mountain Hostel Tarter\",\"url\":\"https:\/\/www.mountainhosteltarter.com\/fr\/\",\"logo\":{\"@type\":\"ImageObject\",\"inLanguage\":\"ca\",\"@id\":\"https:\/\/www.mountainhosteltarter.com\/fr\/#\/schema\/logo\/image\/\",\"url\":\"https:\/\/www.mountainhosteltarter.com\/wp-content\/uploads\/2021\/08\/logo.png\",\"contentUrl\":\"https:\/\/www.mountainhosteltarter.com\/wp-content\/uploads\/2021\/08\/logo.png\",\"width\":200,\"height\":103,\"caption\":\"Mountain Hostel Tarter\"},\"image\":{\"@id\":\"https:\/\/www.mountainhosteltarter.com\/fr\/#\/schema\/logo\/image\/\"}},{\"@type\":\"Person\",\"@id\":\"https:\/\/www.mountainhosteltarter.com\/fr\/#\/schema\/person\/e6f4f0a6b928c18fd21124eef7c51ad7\",\"name\":\"Blegend\",\"image\":{\"@type\":\"ImageObject\",\"inLanguage\":\"ca\",\"@id\":\"https:\/\/www.mountainhosteltarter.com\/fr\/#\/schema\/person\/image\/\",\"url\":\"https:\/\/secure.gravatar.com\/avatar\/d16c4d90c13614ca9f1a8e38a87eed36?s=96&d=mm&r=g\",\"contentUrl\":\"https:\/\/secure.gravatar.com\/avatar\/d16c4d90c13614ca9f1a8e38a87eed36?s=96&d=mm&r=g\",\"caption\":\"Blegend\"}}]}<\/script>\n<!-- \/ Yoast SEO plugin. -->","yoast_head_json":{"title":"Nadal a Andorra - Mountain Hostel Tarter","description":"Qu\u00e8 fer per Nadal a Andorra: rutes de senderisme, esqu\u00ed a Grandvalira i gastronomia local de qualitat. T\u2019hi apuntes?","robots":{"index":"index","follow":"follow","max-snippet":"max-snippet:-1","max-image-preview":"max-image-preview:large","max-video-preview":"max-video-preview:-1"},"canonical":"https:\/\/www.mountainhosteltarter.com\/que-hacer-en-navidad-en-andorra\/","og_locale":"ca_ES","og_type":"article","og_title":"Nadal a Andorra - Mountain Hostel Tarter","og_description":"Qu\u00e8 fer per Nadal a Andorra: rutes de senderisme, esqu\u00ed a Grandvalira i gastronomia local de qualitat. T\u2019hi apuntes?","og_url":"https:\/\/www.mountainhosteltarter.com\/que-hacer-en-navidad-en-andorra\/","og_site_name":"Mountain Hostel Tarter","article_published_time":"2025-10-13T14:55:16+00:00","article_modified_time":"2024-12-13T17:24:39+00:00","og_image":[{"width":1181,"height":664,"url":"https:\/\/www.mountainhosteltarter.com\/wp-content\/uploads\/2024\/12\/Freeride-Grandvalira.jpg","type":"image\/jpeg"}],"author":"Blegend","twitter_card":"summary_large_image","twitter_misc":{"Escrit per":"Blegend","Temps estimat de lectura":"3 minuts"},"schema":{"@context":"https:\/\/schema.org","@graph":[{"@type":"Article","@id":"https:\/\/www.mountainhosteltarter.com\/que-hacer-en-navidad-en-andorra\/#article","isPartOf":{"@id":"https:\/\/www.mountainhosteltarter.com\/que-hacer-en-navidad-en-andorra\/"},"author":{"name":"Blegend","@id":"https:\/\/www.mountainhosteltarter.com\/fr\/#\/schema\/person\/e6f4f0a6b928c18fd21124eef7c51ad7"},"headline":"Qu\u00e8 fer per Nadal a Andorra","datePublished":"2025-10-13T14:55:16+00:00","dateModified":"2024-12-13T17:24:39+00:00","mainEntityOfPage":{"@id":"https:\/\/www.mountainhosteltarter.com\/que-hacer-en-navidad-en-andorra\/"},"wordCount":622,"publisher":{"@id":"https:\/\/www.mountainhosteltarter.com\/fr\/#organization"},"image":{"@id":"https:\/\/www.mountainhosteltarter.com\/que-hacer-en-navidad-en-andorra\/#primaryimage"},"thumbnailUrl":"https:\/\/www.mountainhosteltarter.com\/wp-content\/uploads\/2024\/12\/Freeride-Grandvalira.jpg","keywords":["grandvalira","grandvalira","hostal Andorra","millor hostel d'Andorra","Mountain Hostal Tarter"],"articleSection":["Alojamiento a pie de pistas de Grandvalira-Andorra","Andorra @ca","Esqu\u00ed i snowboard a Grandvalira-Andorra","Freeride Andorra Grandvalira","Grandvalira Andorra@ca","Vacances d&#039;esqu\u00ed a Andorra"],"inLanguage":"ca"},{"@type":"WebPage","@id":"https:\/\/www.mountainhosteltarter.com\/que-hacer-en-navidad-en-andorra\/","url":"https:\/\/www.mountainhosteltarter.com\/que-hacer-en-navidad-en-andorra\/","name":"Nadal a Andorra - Mountain Hostel Tarter","isPartOf":{"@id":"https:\/\/www.mountainhosteltarter.com\/fr\/#website"},"primaryImageOfPage":{"@id":"https:\/\/www.mountainhosteltarter.com\/que-hacer-en-navidad-en-andorra\/#primaryimage"},"image":{"@id":"https:\/\/www.mountainhosteltarter.com\/que-hacer-en-navidad-en-andorra\/#primaryimage"},"thumbnailUrl":"https:\/\/www.mountainhosteltarter.com\/wp-content\/uploads\/2024\/12\/Freeride-Grandvalira.jpg","datePublished":"2025-10-13T14:55:16+00:00","dateModified":"2024-12-13T17:24:39+00:00","description":"Qu\u00e8 fer per Nadal a Andorra: rutes de senderisme, esqu\u00ed a Grandvalira i gastronomia local de qualitat. T\u2019hi apuntes?","breadcrumb":{"@id":"https:\/\/www.mountainhosteltarter.com\/que-hacer-en-navidad-en-andorra\/#breadcrumb"},"inLanguage":"ca","potentialAction":[{"@type":"ReadAction","target":["https:\/\/www.mountainhosteltarter.com\/que-hacer-en-navidad-en-andorra\/"]}]},{"@type":"ImageObject","inLanguage":"ca","@id":"https:\/\/www.mountainhosteltarter.com\/que-hacer-en-navidad-en-andorra\/#primaryimage","url":"https:\/\/www.mountainhosteltarter.com\/wp-content\/uploads\/2024\/12\/Freeride-Grandvalira.jpg","contentUrl":"https:\/\/www.mountainhosteltarter.com\/wp-content\/uploads\/2024\/12\/Freeride-Grandvalira.jpg","width":1181,"height":664,"caption":"freeride en grandvalira"},{"@type":"BreadcrumbList","@id":"https:\/\/www.mountainhosteltarter.com\/que-hacer-en-navidad-en-andorra\/#breadcrumb","itemListElement":[{"@type":"ListItem","position":1,"name":"Portada","item":"https:\/\/www.mountainhosteltarter.com\/ca\/"},{"@type":"ListItem","position":2,"name":"Qu\u00e8 fer per Nadal a Andorra"}]},{"@type":"WebSite","@id":"https:\/\/www.mountainhosteltarter.com\/fr\/#website","url":"https:\/\/www.mountainhosteltarter.com\/fr\/","name":"Mountain Hostel Tarter","description":"El mejor Hostal en Grandvalira Andorra","publisher":{"@id":"https:\/\/www.mountainhosteltarter.com\/fr\/#organization"},"potentialAction":[{"@type":"SearchAction","target":{"@type":"EntryPoint","urlTemplate":"https:\/\/www.mountainhosteltarter.com\/fr\/?s={search_term_string}"},"query-input":"required name=search_term_string"}],"inLanguage":"ca"},{"@type":"Organization","@id":"https:\/\/www.mountainhosteltarter.com\/fr\/#organization","name":"Mountain Hostel Tarter","url":"https:\/\/www.mountainhosteltarter.com\/fr\/","logo":{"@type":"ImageObject","inLanguage":"ca","@id":"https:\/\/www.mountainhosteltarter.com\/fr\/#\/schema\/logo\/image\/","url":"https:\/\/www.mountainhosteltarter.com\/wp-content\/uploads\/2021\/08\/logo.png","contentUrl":"https:\/\/www.mountainhosteltarter.com\/wp-content\/uploads\/2021\/08\/logo.png","width":200,"height":103,"caption":"Mountain Hostel Tarter"},"image":{"@id":"https:\/\/www.mountainhosteltarter.com\/fr\/#\/schema\/logo\/image\/"}},{"@type":"Person","@id":"https:\/\/www.mountainhosteltarter.com\/fr\/#\/schema\/person\/e6f4f0a6b928c18fd21124eef7c51ad7","name":"Blegend","image":{"@type":"ImageObject","inLanguage":"ca","@id":"https:\/\/www.mountainhosteltarter.com\/fr\/#\/schema\/person\/image\/","url":"https:\/\/secure.gravatar.com\/avatar\/d16c4d90c13614ca9f1a8e38a87eed36?s=96&d=mm&r=g","contentUrl":"https:\/\/secure.gravatar.com\/avatar\/d16c4d90c13614ca9f1a8e38a87eed36?s=96&d=mm&r=g","caption":"Blegend"}}]}},"_links":{"self":[{"href":"https:\/\/www.mountainhosteltarter.com\/ca\/wp-json\/wp\/v2\/posts\/42542"}],"collection":[{"href":"https:\/\/www.mountainhosteltarter.com\/ca\/wp-json\/wp\/v2\/posts"}],"about":[{"href":"https:\/\/www.mountainhosteltarter.com\/ca\/wp-json\/wp\/v2\/types\/post"}],"author":[{"embeddable":true,"href":"https:\/\/www.mountainhosteltarter.com\/ca\/wp-json\/wp\/v2\/users\/13"}],"replies":[{"embeddable":true,"href":"https:\/\/www.mountainhosteltarter.com\/ca\/wp-json\/wp\/v2\/comments?post=42542"}],"version-history":[{"count":2,"href":"https:\/\/www.mountainhosteltarter.com\/ca\/wp-json\/wp\/v2\/posts\/42542\/revisions"}],"predecessor-version":[{"id":42552,"href":"https:\/\/www.mountainhosteltarter.com\/ca\/wp-json\/wp\/v2\/posts\/42542\/revisions\/42552"}],"wp:featuredmedia":[{"embeddable":true,"href":"https:\/\/www.mountainhosteltarter.com\/ca\/wp-json\/wp\/v2\/media\/42536"}],"wp:attachment":[{"href":"https:\/\/www.mountainhosteltarter.com\/ca\/wp-json\/wp\/v2\/media?parent=42542"}],"wp:term":[{"taxonomy":"category","embeddable":true,"href":"https:\/\/www.mountainhosteltarter.com\/ca\/wp-json\/wp\/v2\/categories?post=42542"},{"taxonomy":"post_tag","embeddable":true,"href":"https:\/\/www.mountainhosteltarter.com\/ca\/wp-json\/wp\/v2\/tags?post=42542"}],"curies":[{"name":"wp","href":"https:\/\/api.w.org\/{rel}","templated":true}]}}