{"id":43743,"date":"2025-03-05T12:42:51","date_gmt":"2025-03-05T12:42:51","guid":{"rendered":"https:\/\/www.mountainhosteltarter.com\/com-moures-per-andorra-sense-cotxe-transport-public-i-lloguer-de-cotxes\/"},"modified":"2025-03-13T10:45:43","modified_gmt":"2025-03-13T10:45:43","slug":"transport-public-andorra","status":"publish","type":"post","link":"https:\/\/www.mountainhosteltarter.com\/ca\/transport-public-andorra\/","title":{"rendered":"Com moure\u2019s per Andorra sense cotxe: transport p\u00fablic i lloguer de cotxes"},"content":{"rendered":"\t\t<div data-elementor-type=\"wp-post\" data-elementor-id=\"43743\" class=\"elementor elementor-43743 elementor-43722\">\n\t\t\t\t\t\t<section class=\"elementor-section elementor-top-section elementor-element elementor-element-20126b9c elementor-section-boxed elementor-section-height-default elementor-section-height-default\" data-id=\"20126b9c\" data-element_type=\"section\">\n\t\t\t\t\t\t<div class=\"elementor-container elementor-column-gap-default\">\n\t\t\t\t\t<div class=\"elementor-column elementor-col-100 elementor-top-column elementor-element elementor-element-32df89de\" data-id=\"32df89de\" data-element_type=\"column\">\n\t\t\t<div class=\"elementor-widget-wrap elementor-element-populated\">\n\t\t\t\t\t\t<div class=\"elementor-element elementor-element-12880a6d elementor-widget elementor-widget-text-editor\" data-id=\"12880a6d\" data-element_type=\"widget\" data-widget_type=\"text-editor.default\">\n\t\t\t\t<div class=\"elementor-widget-container\">\n\t\t\t<style>\/*! elementor - v3.21.0 - 26-05-2024 *\/\n.elementor-widget-text-editor.elementor-drop-cap-view-stacked .elementor-drop-cap{background-color:#69727d;color:#fff}.elementor-widget-text-editor.elementor-drop-cap-view-framed .elementor-drop-cap{color:#69727d;border:3px solid;background-color:transparent}.elementor-widget-text-editor:not(.elementor-drop-cap-view-default) .elementor-drop-cap{margin-top:8px}.elementor-widget-text-editor:not(.elementor-drop-cap-view-default) .elementor-drop-cap-letter{width:1em;height:1em}.elementor-widget-text-editor .elementor-drop-cap{float:left;text-align:center;line-height:1;font-size:50px}.elementor-widget-text-editor .elementor-drop-cap-letter{display:inline-block}<\/style>\t\t\t\t<p>Andorra \u00e9s un petit pa\u00eds amb una extensi\u00f3 de 468 km\u00b2. Per fer-te una idea, \u00e9s un territori m\u00e9s petit que l\u2019illa d\u2019Eivissa. Aix\u00f2 fa possible que puguis rec\u00f3rrer tot el pa\u00eds durant la teva estada.<\/p><p>Si vens d\u2019escapada a la neu, de ruta per la natura o simplement a gaudir del seu ambient, hi ha diverses alternatives per moure\u2019t c\u00f2modament sense la necessitat de tenir un cotxe propi. En aquest article t\u2019ho expliquem tot sobre el <strong>transport p\u00fablic a Andorra<\/strong>, les opcions de <strong>lloguer de cotxe<\/strong> i altres formes de despla\u00e7ar-te.<\/p><h2><img fetchpriority=\"high\" decoding=\"async\" class=\"alignnone wp-image-43727 size-full\" src=\"https:\/\/www.mountainhosteltarter.com\/wp-content\/uploads\/2025\/03\/Bus-Andorra-la-Seu-Urgell.jpg\" alt=\"andorra bus\" width=\"800\" height=\"548\" srcset=\"https:\/\/www.mountainhosteltarter.com\/wp-content\/uploads\/2025\/03\/Bus-Andorra-la-Seu-Urgell.jpg 800w, https:\/\/www.mountainhosteltarter.com\/wp-content\/uploads\/2025\/03\/Bus-Andorra-la-Seu-Urgell-300x206.jpg 300w, https:\/\/www.mountainhosteltarter.com\/wp-content\/uploads\/2025\/03\/Bus-Andorra-la-Seu-Urgell-768x526.jpg 768w, https:\/\/www.mountainhosteltarter.com\/wp-content\/uploads\/2025\/03\/Bus-Andorra-la-Seu-Urgell-500x343.jpg 500w\" sizes=\"(max-width: 800px) 100vw, 800px\" \/><\/h2><h2><strong>Com arribar a Andorra des d\u2019Espanya<\/strong><\/h2><p>Si vens des d\u2019Espanya, tens diverses opcions per arribar a Andorra. La forma m\u00e9s comuna \u00e9s en cotxe o autob\u00fas.<\/p><ul><li>En cotxe: Des de Barcelona o Lleida, pots prendre la <strong>C-16 (Eix del Llobregat)<\/strong>, passant pel <strong>T\u00fanel del Cad\u00ed<\/strong>, o la <strong>C-14,<\/strong> que travessa La Seu d\u2019Urgell, l\u2019\u00faltima ciutat abans de la frontera.<\/li><li><strong>En autob\u00fas:<\/strong> Hi ha diverses companyies que operen rutes di\u00e0ries des de Barcelona, Lleida i altres ciutats espanyoles, com <strong>Directbus<\/strong>, <strong>Andbus<\/strong> i <strong>Alsina Graells<\/strong>.<\/li><\/ul><p><strong>En tren:<\/strong> L\u2019estaci\u00f3 de tren m\u00e9s propera \u00e9s a <strong>Lleida (AVE)<\/strong> o <strong>L\u2019Hospitalet-pr\u00e8s-l\u2019Andorre (Fran\u00e7a)<\/strong>. Des d\u2019all\u00e0, pots agafar un autob\u00fas o un taxi cap a Andorra.<\/p><p>En avi\u00f3: L\u2019aeroport m\u00e9s pr\u00f2xim \u00e9s <strong>l\u2019Aeroport Andorra-La Seu d&#8217;Urgell<\/strong>, amb vols regulars a Madrid i Mallorca.<\/p><h2><strong>Transport p\u00fablic a Andorra<\/strong><\/h2><p>Si busques una opci\u00f3 econ\u00f2mica i sostenible, l\u2019<strong>autob\u00fas a Andorra<\/strong> \u00e9s la millor alternativa per moure\u2019t lliurement. La xarxa d\u2019autobusos cobreix pr\u00e0cticament tot el pa\u00eds i connecta els principals punts tur\u00edstics i urbans.<\/p><h3><strong>Xarxa d\u2019autobusos a Andorra<\/strong><\/h3><p>La <strong>Cooperativa Interurbana Andorrana<\/strong> gestiona el servei d\u2019autob\u00fas amb <strong>diferents l\u00ednies<\/strong>:<\/p><p><strong>L\u00ednies regulars: <\/strong> Connecten les principals parr\u00f2quies (Andorra la Vella, Escaldes-Engordany, Encamp, La Massana, Ordino, Canillo, Sant Juli\u00e0 de L\u00f2ria i Pas de la Casa). Les l\u00ednies que connecten El Tarter i Andorra s\u00f3n la L3 i la L4, amb un preu inferior als 4 \u20ac.<\/p><ul><li><strong>Bus Expr\u00e9s:<\/strong> L\u00ednia directa entre Sant Juli\u00e0 i Encamp, amb parada a Andorra la Vella.<\/li><li><strong>Bus nocturn:<\/strong> Ideal si surts de festa i necessites transport de tornada.<\/li><\/ul><h3><strong>Tarifes i horaris<\/strong><\/h3><p>Els preus s\u00f3n assequibles, amb bitllets <strong>des d&#8217;1,90 \u20ac per trajecte<\/strong>. Tamb\u00e9 hi ha <strong>abonaments de 10 viatges<\/strong> i tarifes especials per a residents. Els autobusos solen circular entre les <strong>6:30 i les 22:30 h<\/strong>. Pots consultar horaris i rutes a actualitzades a la <a href=\"https:\/\/bus.ad\/\" target=\"_blank\" rel=\"noopener\">web oficial del transports d&#8217;Andorra<\/a>.<\/p><h3><strong>Bus tur\u00edstic d&#8217;Andorra<\/strong><\/h3><p>Si prefereixes explorar el pa\u00eds d\u2019una manera m\u00e9s relaxada, a l\u2019estiu i la tardor pots optar pel <a href=\"https:\/\/visitandorra.com\/es\/cultura\/bus-turistico\/\" target=\"_blank\" rel=\"noopener\"><strong>bus tur\u00edstic d\u2019Andorra<\/strong><\/a>, que recorre els punts d\u2019inter\u00e8s m\u00e9s emblem\u00e0tics amb parades en miradors, esgl\u00e9sies rom\u00e0niques i altres atractius.<\/p><h2><img decoding=\"async\" class=\"alignnone wp-image-43731 size-full\" src=\"https:\/\/www.mountainhosteltarter.com\/wp-content\/uploads\/2025\/03\/Bus-linia-regular.jpg\" alt=\"bus l\u00ednia regular andorra\" width=\"800\" height=\"548\" srcset=\"https:\/\/www.mountainhosteltarter.com\/wp-content\/uploads\/2025\/03\/Bus-linia-regular.jpg 800w, https:\/\/www.mountainhosteltarter.com\/wp-content\/uploads\/2025\/03\/Bus-linia-regular-300x206.jpg 300w, https:\/\/www.mountainhosteltarter.com\/wp-content\/uploads\/2025\/03\/Bus-linia-regular-768x526.jpg 768w, https:\/\/www.mountainhosteltarter.com\/wp-content\/uploads\/2025\/03\/Bus-linia-regular-500x343.jpg 500w\" sizes=\"(max-width: 800px) 100vw, 800px\" \/><\/h2><h2><strong>Lloguer de cotxe a Andorra<\/strong><\/h2><p>Si busques m\u00e9s llibertat per despla\u00e7ar-te, el <strong>lloguer de cotxe a Andorra <\/strong> \u00e9s una opci\u00f3 ideal. Tot i que el pa\u00eds \u00e9s petit, tenir un vehicle et permet explorar llocs m\u00e9s remots, com els llacs de Tristaina, la Vall d\u2019Incles o els ports de muntanya.<\/p><h3><strong>On llogar un cotxe a Andorra<\/strong><\/h3><p>Hi ha diverses ag\u00e8ncies de lloguer de cotxes a Andorra, tant al centre d\u2019<strong>Andorra la Vella <\/strong> com a la zona del <strong>Pas de la Casa<\/strong> (ideal si arribes des de Fran\u00e7a). Algunes de les principals companyies s\u00f3n:<\/p><ul><li><strong>Hertz Andorra<\/strong><\/li><li><strong>Avis Andorra<\/strong><\/li><li><strong>Europcar Andorra<\/strong><\/li><li><strong>Rent a Car Andorra<\/strong><\/li><\/ul><h3><strong>Requisits per llogar un cotxe<\/strong><\/h3><p>Per llogar un cotxe a Andorra, necessites:<\/p><p>\u2714 Tenir m\u00e9s de <strong>21 anys<\/strong> (en algunes ag\u00e8ncies, 25). <br \/>\u2714 Presentar un <strong>carnet de conduir v\u00e0lid.<\/strong> <br \/>\u2714 Disposar d\u2019una <strong>targeta de cr\u00e8dit <\/strong> per a la fian\u00e7a.<\/p><p>A l\u2019hivern, la majoria dels vehicles de lloguer estan equipats amb <strong>pneum\u00e0tics d\u2019hivern <\/strong> o <strong>cadenes<\/strong>, ja que s\u00f3n obligatoris a les carreteres d\u2019Andorra durant la temporada d\u2019hivern. Assegura\u2019t sempre que el vehicle compleixi aquesta condici\u00f3 per evitar possibles incid\u00e8ncies en cas de nevades.<\/p><h2><img decoding=\"async\" class=\"alignnone wp-image-14950 size-large\" src=\"https:\/\/www.mountainhosteltarter.com\/wp-content\/uploads\/2021\/08\/1E_mountain-hostel-tarter-hiking-1024x765.webp\" alt=\"senderismo trekking andorra\" width=\"1024\" height=\"765\" srcset=\"https:\/\/www.mountainhosteltarter.com\/wp-content\/uploads\/2021\/08\/1E_mountain-hostel-tarter-hiking-1024x765.webp 1024w, https:\/\/www.mountainhosteltarter.com\/wp-content\/uploads\/2021\/08\/1E_mountain-hostel-tarter-hiking-300x224.webp 300w, https:\/\/www.mountainhosteltarter.com\/wp-content\/uploads\/2021\/08\/1E_mountain-hostel-tarter-hiking-768x574.webp 768w, https:\/\/www.mountainhosteltarter.com\/wp-content\/uploads\/2021\/08\/1E_mountain-hostel-tarter-hiking-1536x1147.webp 1536w, https:\/\/www.mountainhosteltarter.com\/wp-content\/uploads\/2021\/08\/1E_mountain-hostel-tarter-hiking-2048x1530.webp 2048w, https:\/\/www.mountainhosteltarter.com\/wp-content\/uploads\/2021\/08\/1E_mountain-hostel-tarter-hiking-1320x986.webp 1320w\" sizes=\"(max-width: 1024px) 100vw, 1024px\" \/><\/h2><h2><strong>Otras opciones de transporte en Andorra<\/strong><\/h2><p>Si prefereixes una alternativa m\u00e9s ecol\u00f2gica, pots optar per altres formes de despla\u00e7ar-te:<\/p><ul><li><strong>Taxi a Andorra: <\/strong> Disponible a les principals ciutats, tot i que \u00e9s m\u00e9s car que l&#8217;autob\u00fas.<\/li><li><strong>Lloguer de bicicletes el\u00e8ctriques: <\/strong> Una opci\u00f3 sostenible per rec\u00f3rrer Andorra la Vella i Escaldes amb\u00a0<a href=\"https:\/\/cicland.ad\/\" target=\"_blank\" rel=\"noopener\">Cicland<\/a>.<\/li><li><strong>Caminades i senderisme: <\/strong> A l\u2019estiu, moltes rutes s\u00f3n accessibles a peu i permeten gaudir del paisatge.<\/li><\/ul><p>Moure\u2019s per Andorra sense cotxe \u00e9s f\u00e0cil gr\u00e0cies al <strong>transport p\u00fablic<\/strong> i a les diverses opcions de <strong>lloguer de cotxe<\/strong>. L&#8217;<strong>autob\u00fas<\/strong> \u00e9s la millor opci\u00f3 per als despla\u00e7aments urbans, mentre que llogar un cotxe et permet explorar el pa\u00eds al teu ritme. I si t\u2019agrada l\u2019aventura, sempre pots optar pels taxis, les bicicletes o simplement caminar. Descobreix Andorra a la teva manera!<\/p><p><a href=\"https:\/\/www.mountainhosteltarter.com\/ca\/espais\/habitacions\/\"><strong>Reserva les teves vacances amb nosaltres!<\/strong><\/a><\/p>\t\t\t\t\t\t<\/div>\n\t\t\t\t<\/div>\n\t\t\t\t\t<\/div>\n\t\t<\/div>\n\t\t\t\t\t<\/div>\n\t\t<\/section>\n\t\t\t\t<\/div>\n\t\t","protected":false},"excerpt":{"rendered":"<p>Els teus dies a Andorra poden ser molt intensos. No nom\u00e9s gaudint de la neu i de l\u2019esqu\u00ed, sin\u00f3 tamb\u00e9 de tota l\u2019oferta d\u2019apr\u00e8s-ski que el pa\u00eds, i sobretot la zona de Grandvalira, t\u2019ofereix.  <\/p>\n","protected":false},"author":13,"featured_media":43724,"comment_status":"closed","ping_status":"closed","sticky":false,"template":"","format":"standard","meta":{"_glsr_average":0,"_glsr_ranking":0,"_glsr_reviews":0,"footnotes":""},"categories":[415,443,471],"tags":[674,670],"yoast_head":"<!-- This site is optimized with the Yoast SEO plugin v22.8 - https:\/\/yoast.com\/wordpress\/plugins\/seo\/ -->\n<title>Com moure&#039;s en transport p\u00fablic a Andorra<\/title>\n<meta name=\"description\" content=\"Com moure&#039;s per Andorra sense cotxe. Informa&#039;t sobre el transport p\u00fablic a Andorra i les opcions de lloguer de cotxe.\" \/>\n<meta name=\"robots\" content=\"index, follow, max-snippet:-1, max-image-preview:large, max-video-preview:-1\" \/>\n<link rel=\"canonical\" href=\"https:\/\/www.mountainhosteltarter.com\/ca\/transport-public-andorra\/\" \/>\n<meta property=\"og:locale\" content=\"ca_ES\" \/>\n<meta property=\"og:type\" content=\"article\" \/>\n<meta property=\"og:title\" content=\"Com moure&#039;s en transport p\u00fablic a Andorra\" \/>\n<meta property=\"og:description\" content=\"Com moure&#039;s per Andorra sense cotxe. Informa&#039;t sobre el transport p\u00fablic a Andorra i les opcions de lloguer de cotxe.\" \/>\n<meta property=\"og:url\" content=\"https:\/\/www.mountainhosteltarter.com\/ca\/transport-public-andorra\/\" \/>\n<meta property=\"og:site_name\" content=\"Mountain Hostel Tarter\" \/>\n<meta property=\"article:published_time\" content=\"2025-03-05T12:42:51+00:00\" \/>\n<meta property=\"article:modified_time\" content=\"2025-03-13T10:45:43+00:00\" \/>\n<meta property=\"og:image\" content=\"https:\/\/www.mountainhosteltarter.com\/wp-content\/uploads\/2025\/03\/Aeropuerto-Andorra-la-Seu-Urgell.jpg\" \/>\n\t<meta property=\"og:image:width\" content=\"799\" \/>\n\t<meta property=\"og:image:height\" content=\"533\" \/>\n\t<meta property=\"og:image:type\" content=\"image\/jpeg\" \/>\n<meta name=\"author\" content=\"Blegend\" \/>\n<meta name=\"twitter:card\" content=\"summary_large_image\" \/>\n<meta name=\"twitter:label1\" content=\"Escrit per\" \/>\n\t<meta name=\"twitter:data1\" content=\"Blegend\" \/>\n<script type=\"application\/ld+json\" class=\"yoast-schema-graph\">{\"@context\":\"https:\/\/schema.org\",\"@graph\":[{\"@type\":\"Article\",\"@id\":\"https:\/\/www.mountainhosteltarter.com\/ca\/transport-public-andorra\/#article\",\"isPartOf\":{\"@id\":\"https:\/\/www.mountainhosteltarter.com\/ca\/transport-public-andorra\/\"},\"author\":{\"name\":\"Blegend\",\"@id\":\"https:\/\/www.mountainhosteltarter.com\/fr\/#\/schema\/person\/e6f4f0a6b928c18fd21124eef7c51ad7\"},\"headline\":\"Com moure\u2019s per Andorra sense cotxe: transport p\u00fablic i lloguer de cotxes\",\"datePublished\":\"2025-03-05T12:42:51+00:00\",\"dateModified\":\"2025-03-13T10:45:43+00:00\",\"mainEntityOfPage\":{\"@id\":\"https:\/\/www.mountainhosteltarter.com\/ca\/transport-public-andorra\/\"},\"wordCount\":863,\"publisher\":{\"@id\":\"https:\/\/www.mountainhosteltarter.com\/fr\/#organization\"},\"image\":{\"@id\":\"https:\/\/www.mountainhosteltarter.com\/ca\/transport-public-andorra\/#primaryimage\"},\"thumbnailUrl\":\"https:\/\/www.mountainhosteltarter.com\/wp-content\/uploads\/2025\/03\/Aeropuerto-Andorra-la-Seu-Urgell.jpg\",\"keywords\":[\"hostal Andorra\",\"Mountain Hostal Tarter\"],\"articleSection\":[\"Andorra @ca\",\"Grandvalira Andorra@ca\",\"Vacances d&#039;esqu\u00ed a Andorra\"],\"inLanguage\":\"ca\"},{\"@type\":\"WebPage\",\"@id\":\"https:\/\/www.mountainhosteltarter.com\/ca\/transport-public-andorra\/\",\"url\":\"https:\/\/www.mountainhosteltarter.com\/ca\/transport-public-andorra\/\",\"name\":\"Com moure's en transport p\u00fablic a Andorra\",\"isPartOf\":{\"@id\":\"https:\/\/www.mountainhosteltarter.com\/fr\/#website\"},\"primaryImageOfPage\":{\"@id\":\"https:\/\/www.mountainhosteltarter.com\/ca\/transport-public-andorra\/#primaryimage\"},\"image\":{\"@id\":\"https:\/\/www.mountainhosteltarter.com\/ca\/transport-public-andorra\/#primaryimage\"},\"thumbnailUrl\":\"https:\/\/www.mountainhosteltarter.com\/wp-content\/uploads\/2025\/03\/Aeropuerto-Andorra-la-Seu-Urgell.jpg\",\"datePublished\":\"2025-03-05T12:42:51+00:00\",\"dateModified\":\"2025-03-13T10:45:43+00:00\",\"description\":\"Com moure's per Andorra sense cotxe. Informa't sobre el transport p\u00fablic a Andorra i les opcions de lloguer de cotxe.\",\"breadcrumb\":{\"@id\":\"https:\/\/www.mountainhosteltarter.com\/ca\/transport-public-andorra\/#breadcrumb\"},\"inLanguage\":\"ca\",\"potentialAction\":[{\"@type\":\"ReadAction\",\"target\":[\"https:\/\/www.mountainhosteltarter.com\/ca\/transport-public-andorra\/\"]}]},{\"@type\":\"ImageObject\",\"inLanguage\":\"ca\",\"@id\":\"https:\/\/www.mountainhosteltarter.com\/ca\/transport-public-andorra\/#primaryimage\",\"url\":\"https:\/\/www.mountainhosteltarter.com\/wp-content\/uploads\/2025\/03\/Aeropuerto-Andorra-la-Seu-Urgell.jpg\",\"contentUrl\":\"https:\/\/www.mountainhosteltarter.com\/wp-content\/uploads\/2025\/03\/Aeropuerto-Andorra-la-Seu-Urgell.jpg\",\"width\":799,\"height\":533},{\"@type\":\"BreadcrumbList\",\"@id\":\"https:\/\/www.mountainhosteltarter.com\/ca\/transport-public-andorra\/#breadcrumb\",\"itemListElement\":[{\"@type\":\"ListItem\",\"position\":1,\"name\":\"Portada\",\"item\":\"https:\/\/www.mountainhosteltarter.com\/ca\/\"},{\"@type\":\"ListItem\",\"position\":2,\"name\":\"Com moure\u2019s per Andorra sense cotxe: transport p\u00fablic i lloguer de cotxes\"}]},{\"@type\":\"WebSite\",\"@id\":\"https:\/\/www.mountainhosteltarter.com\/fr\/#website\",\"url\":\"https:\/\/www.mountainhosteltarter.com\/fr\/\",\"name\":\"Mountain Hostel Tarter\",\"description\":\"El mejor Hostal en Grandvalira Andorra\",\"publisher\":{\"@id\":\"https:\/\/www.mountainhosteltarter.com\/fr\/#organization\"},\"potentialAction\":[{\"@type\":\"SearchAction\",\"target\":{\"@type\":\"EntryPoint\",\"urlTemplate\":\"https:\/\/www.mountainhosteltarter.com\/fr\/?s={search_term_string}\"},\"query-input\":\"required name=search_term_string\"}],\"inLanguage\":\"ca\"},{\"@type\":\"Organization\",\"@id\":\"https:\/\/www.mountainhosteltarter.com\/fr\/#organization\",\"name\":\"Mountain Hostel Tarter\",\"url\":\"https:\/\/www.mountainhosteltarter.com\/fr\/\",\"logo\":{\"@type\":\"ImageObject\",\"inLanguage\":\"ca\",\"@id\":\"https:\/\/www.mountainhosteltarter.com\/fr\/#\/schema\/logo\/image\/\",\"url\":\"https:\/\/www.mountainhosteltarter.com\/wp-content\/uploads\/2021\/08\/logo.png\",\"contentUrl\":\"https:\/\/www.mountainhosteltarter.com\/wp-content\/uploads\/2021\/08\/logo.png\",\"width\":200,\"height\":103,\"caption\":\"Mountain Hostel Tarter\"},\"image\":{\"@id\":\"https:\/\/www.mountainhosteltarter.com\/fr\/#\/schema\/logo\/image\/\"}},{\"@type\":\"Person\",\"@id\":\"https:\/\/www.mountainhosteltarter.com\/fr\/#\/schema\/person\/e6f4f0a6b928c18fd21124eef7c51ad7\",\"name\":\"Blegend\",\"image\":{\"@type\":\"ImageObject\",\"inLanguage\":\"ca\",\"@id\":\"https:\/\/www.mountainhosteltarter.com\/fr\/#\/schema\/person\/image\/\",\"url\":\"https:\/\/secure.gravatar.com\/avatar\/d16c4d90c13614ca9f1a8e38a87eed36?s=96&d=mm&r=g\",\"contentUrl\":\"https:\/\/secure.gravatar.com\/avatar\/d16c4d90c13614ca9f1a8e38a87eed36?s=96&d=mm&r=g\",\"caption\":\"Blegend\"}}]}<\/script>\n<!-- \/ Yoast SEO plugin. -->","yoast_head_json":{"title":"Com moure's en transport p\u00fablic a Andorra","description":"Com moure's per Andorra sense cotxe. Informa't sobre el transport p\u00fablic a Andorra i les opcions de lloguer de cotxe.","robots":{"index":"index","follow":"follow","max-snippet":"max-snippet:-1","max-image-preview":"max-image-preview:large","max-video-preview":"max-video-preview:-1"},"canonical":"https:\/\/www.mountainhosteltarter.com\/ca\/transport-public-andorra\/","og_locale":"ca_ES","og_type":"article","og_title":"Com moure's en transport p\u00fablic a Andorra","og_description":"Com moure's per Andorra sense cotxe. Informa't sobre el transport p\u00fablic a Andorra i les opcions de lloguer de cotxe.","og_url":"https:\/\/www.mountainhosteltarter.com\/ca\/transport-public-andorra\/","og_site_name":"Mountain Hostel Tarter","article_published_time":"2025-03-05T12:42:51+00:00","article_modified_time":"2025-03-13T10:45:43+00:00","og_image":[{"width":799,"height":533,"url":"https:\/\/www.mountainhosteltarter.com\/wp-content\/uploads\/2025\/03\/Aeropuerto-Andorra-la-Seu-Urgell.jpg","type":"image\/jpeg"}],"author":"Blegend","twitter_card":"summary_large_image","twitter_misc":{"Escrit per":"Blegend"},"schema":{"@context":"https:\/\/schema.org","@graph":[{"@type":"Article","@id":"https:\/\/www.mountainhosteltarter.com\/ca\/transport-public-andorra\/#article","isPartOf":{"@id":"https:\/\/www.mountainhosteltarter.com\/ca\/transport-public-andorra\/"},"author":{"name":"Blegend","@id":"https:\/\/www.mountainhosteltarter.com\/fr\/#\/schema\/person\/e6f4f0a6b928c18fd21124eef7c51ad7"},"headline":"Com moure\u2019s per Andorra sense cotxe: transport p\u00fablic i lloguer de cotxes","datePublished":"2025-03-05T12:42:51+00:00","dateModified":"2025-03-13T10:45:43+00:00","mainEntityOfPage":{"@id":"https:\/\/www.mountainhosteltarter.com\/ca\/transport-public-andorra\/"},"wordCount":863,"publisher":{"@id":"https:\/\/www.mountainhosteltarter.com\/fr\/#organization"},"image":{"@id":"https:\/\/www.mountainhosteltarter.com\/ca\/transport-public-andorra\/#primaryimage"},"thumbnailUrl":"https:\/\/www.mountainhosteltarter.com\/wp-content\/uploads\/2025\/03\/Aeropuerto-Andorra-la-Seu-Urgell.jpg","keywords":["hostal Andorra","Mountain Hostal Tarter"],"articleSection":["Andorra @ca","Grandvalira Andorra@ca","Vacances d&#039;esqu\u00ed a Andorra"],"inLanguage":"ca"},{"@type":"WebPage","@id":"https:\/\/www.mountainhosteltarter.com\/ca\/transport-public-andorra\/","url":"https:\/\/www.mountainhosteltarter.com\/ca\/transport-public-andorra\/","name":"Com moure's en transport p\u00fablic a Andorra","isPartOf":{"@id":"https:\/\/www.mountainhosteltarter.com\/fr\/#website"},"primaryImageOfPage":{"@id":"https:\/\/www.mountainhosteltarter.com\/ca\/transport-public-andorra\/#primaryimage"},"image":{"@id":"https:\/\/www.mountainhosteltarter.com\/ca\/transport-public-andorra\/#primaryimage"},"thumbnailUrl":"https:\/\/www.mountainhosteltarter.com\/wp-content\/uploads\/2025\/03\/Aeropuerto-Andorra-la-Seu-Urgell.jpg","datePublished":"2025-03-05T12:42:51+00:00","dateModified":"2025-03-13T10:45:43+00:00","description":"Com moure's per Andorra sense cotxe. Informa't sobre el transport p\u00fablic a Andorra i les opcions de lloguer de cotxe.","breadcrumb":{"@id":"https:\/\/www.mountainhosteltarter.com\/ca\/transport-public-andorra\/#breadcrumb"},"inLanguage":"ca","potentialAction":[{"@type":"ReadAction","target":["https:\/\/www.mountainhosteltarter.com\/ca\/transport-public-andorra\/"]}]},{"@type":"ImageObject","inLanguage":"ca","@id":"https:\/\/www.mountainhosteltarter.com\/ca\/transport-public-andorra\/#primaryimage","url":"https:\/\/www.mountainhosteltarter.com\/wp-content\/uploads\/2025\/03\/Aeropuerto-Andorra-la-Seu-Urgell.jpg","contentUrl":"https:\/\/www.mountainhosteltarter.com\/wp-content\/uploads\/2025\/03\/Aeropuerto-Andorra-la-Seu-Urgell.jpg","width":799,"height":533},{"@type":"BreadcrumbList","@id":"https:\/\/www.mountainhosteltarter.com\/ca\/transport-public-andorra\/#breadcrumb","itemListElement":[{"@type":"ListItem","position":1,"name":"Portada","item":"https:\/\/www.mountainhosteltarter.com\/ca\/"},{"@type":"ListItem","position":2,"name":"Com moure\u2019s per Andorra sense cotxe: transport p\u00fablic i lloguer de cotxes"}]},{"@type":"WebSite","@id":"https:\/\/www.mountainhosteltarter.com\/fr\/#website","url":"https:\/\/www.mountainhosteltarter.com\/fr\/","name":"Mountain Hostel Tarter","description":"El mejor Hostal en Grandvalira Andorra","publisher":{"@id":"https:\/\/www.mountainhosteltarter.com\/fr\/#organization"},"potentialAction":[{"@type":"SearchAction","target":{"@type":"EntryPoint","urlTemplate":"https:\/\/www.mountainhosteltarter.com\/fr\/?s={search_term_string}"},"query-input":"required name=search_term_string"}],"inLanguage":"ca"},{"@type":"Organization","@id":"https:\/\/www.mountainhosteltarter.com\/fr\/#organization","name":"Mountain Hostel Tarter","url":"https:\/\/www.mountainhosteltarter.com\/fr\/","logo":{"@type":"ImageObject","inLanguage":"ca","@id":"https:\/\/www.mountainhosteltarter.com\/fr\/#\/schema\/logo\/image\/","url":"https:\/\/www.mountainhosteltarter.com\/wp-content\/uploads\/2021\/08\/logo.png","contentUrl":"https:\/\/www.mountainhosteltarter.com\/wp-content\/uploads\/2021\/08\/logo.png","width":200,"height":103,"caption":"Mountain Hostel Tarter"},"image":{"@id":"https:\/\/www.mountainhosteltarter.com\/fr\/#\/schema\/logo\/image\/"}},{"@type":"Person","@id":"https:\/\/www.mountainhosteltarter.com\/fr\/#\/schema\/person\/e6f4f0a6b928c18fd21124eef7c51ad7","name":"Blegend","image":{"@type":"ImageObject","inLanguage":"ca","@id":"https:\/\/www.mountainhosteltarter.com\/fr\/#\/schema\/person\/image\/","url":"https:\/\/secure.gravatar.com\/avatar\/d16c4d90c13614ca9f1a8e38a87eed36?s=96&d=mm&r=g","contentUrl":"https:\/\/secure.gravatar.com\/avatar\/d16c4d90c13614ca9f1a8e38a87eed36?s=96&d=mm&r=g","caption":"Blegend"}}]}},"_links":{"self":[{"href":"https:\/\/www.mountainhosteltarter.com\/ca\/wp-json\/wp\/v2\/posts\/43743"}],"collection":[{"href":"https:\/\/www.mountainhosteltarter.com\/ca\/wp-json\/wp\/v2\/posts"}],"about":[{"href":"https:\/\/www.mountainhosteltarter.com\/ca\/wp-json\/wp\/v2\/types\/post"}],"author":[{"embeddable":true,"href":"https:\/\/www.mountainhosteltarter.com\/ca\/wp-json\/wp\/v2\/users\/13"}],"replies":[{"embeddable":true,"href":"https:\/\/www.mountainhosteltarter.com\/ca\/wp-json\/wp\/v2\/comments?post=43743"}],"version-history":[{"count":4,"href":"https:\/\/www.mountainhosteltarter.com\/ca\/wp-json\/wp\/v2\/posts\/43743\/revisions"}],"predecessor-version":[{"id":43782,"href":"https:\/\/www.mountainhosteltarter.com\/ca\/wp-json\/wp\/v2\/posts\/43743\/revisions\/43782"}],"wp:featuredmedia":[{"embeddable":true,"href":"https:\/\/www.mountainhosteltarter.com\/ca\/wp-json\/wp\/v2\/media\/43724"}],"wp:attachment":[{"href":"https:\/\/www.mountainhosteltarter.com\/ca\/wp-json\/wp\/v2\/media?parent=43743"}],"wp:term":[{"taxonomy":"category","embeddable":true,"href":"https:\/\/www.mountainhosteltarter.com\/ca\/wp-json\/wp\/v2\/categories?post=43743"},{"taxonomy":"post_tag","embeddable":true,"href":"https:\/\/www.mountainhosteltarter.com\/ca\/wp-json\/wp\/v2\/tags?post=43743"}],"curies":[{"name":"wp","href":"https:\/\/api.w.org\/{rel}","templated":true}]}}