{"id":19291,"date":"2020-06-13T00:00:00","date_gmt":"2020-06-13T00:00:00","guid":{"rendered":"https:\/\/www.mountainhosteltarter.com\/2020\/06\/13\/engagement-en-la-prevention-de-covid-19\/"},"modified":"2021-10-19T22:38:07","modified_gmt":"2021-10-19T22:38:07","slug":"engagement-en-la-prevention-de-covid-19","status":"publish","type":"post","link":"https:\/\/www.mountainhosteltarter.com\/fr\/engagement-en-la-prevention-de-covid-19\/","title":{"rendered":"CECI EST NOTRE ENGAGEMENT ENVERS VOUS, DANS NOTRE MAISON, DANS LA PR\u00c9VENTION DE COVID-19"},"content":{"rendered":"\n<h3 class=\"wp-block-heading\"><strong>Au Mountain Hostel Tarter, votre sant\u00e9 et celle de notre personnel passe\navant tout. Ce sont les mesures que nous prenons pour remplir notre engagement\nenvers vous dans la pr\u00e9vention de Covid-19.<\/strong><\/h3>\n\n\n\n<p>Vendredi 3 juillet 2020, nous rouvrons notre auberge, apr\u00e8s l&rsquo;arr\u00eat forc\u00e9 \u00e0 cause de Covid-19. Le moment de se retrouver est enfin venu et nous sommes d\u00e9j\u00e0 impatients. L&rsquo;engagement envers vous en la pr\u00e9vention de Covid-19 c&rsquo;est tr\u00e8s important pour nous.<\/p>\n\n\n\n<p>Bien que\nl&rsquo;essence de notre auberge soit la m\u00eame, quelque chose a chang\u00e9 au cours de ces\nmois, et nous voulons vous en parler.<\/p>\n\n\n\n<p>Au Mountain\nHostel Tarter, votre sant\u00e9, votre bien-\u00eatre et votre s\u00e9curit\u00e9 passent avant\ntout, tout comme ceux de notre personnel. Ici, nous expliquons les mesures que\nnous avons prises pour respecter notre engagement en mati\u00e8re de propret\u00e9 et de\nbien-\u00eatre dans notre auberge.<\/p>\n\n\n\n<h4 class=\"wp-block-heading\"><strong>COMMENT FONCTIONNERA\nL&rsquo;AUBERGE MAINTENANT?<\/strong><strong><\/strong><\/h4>\n\n\n\n<p>Tous les espaces\net services de l&rsquo;auberge seront en op\u00e9ration, sauf pour le moment le sauna, sur\nrecommandation du Ministeri de Salut del Govern d&rsquo;Andorra.<\/p>\n\n\n\n<p>De plus, nous\naurons une capacit\u00e9 maximale limit\u00e9e, afin d&rsquo;assurer la distance recommand\u00e9e de\n1,5 m\u00e8tre entre les invit\u00e9s qui ne sont pas du m\u00eame groupe de voyage. N&rsquo;oubliez\npas d&rsquo;apporter votre masque, car son utilisation est obligatoire \u00e0 l&rsquo;int\u00e9rieur\nde l&rsquo;auberge.<\/p>\n\n\n\n<p>Nous vous\ndemandons \u00e9galement d&rsquo;essayer, dans la mesure du possible, de faire une\nr\u00e9servation pr\u00e9alable. De cette fa\u00e7on, nous pouvons mieux nous organiser pour\nappliquer tous les protocoles que nous avons mis en place pour la pr\u00e9vention de\nCovid-19. Ainsi, lorsque vous r\u00e9servez, une fois la r\u00e9servation confirm\u00e9e, nous\nvous enverrons les instructions pour l&rsquo;enregistrement, afin que lorsque vous\narrivez \u00e0 l&rsquo;auberge, nous devons \u00e9changer le moins d&rsquo;articles possible \u00e0 la\nr\u00e9ception.<\/p>\n\n\n\n<h4 class=\"wp-block-heading\"><strong>QU&rsquo;EST-CE QU&rsquo;ON FAIT?<\/strong><\/h4>\n\n\n\n<p>Chaque jour, nous\ncommen\u00e7ons nos journ\u00e9es de travail en nous souvenant de l&rsquo;importance de la\npropret\u00e9 pour notre sant\u00e9 et celle de nos clients.<\/p>\n\n\n\n<p>Nous avons donc pr\u00e9par\u00e9 de mani\u00e8re tr\u00e8s exigeante sur les protocoles de nettoyage et d&rsquo;hygi\u00e8ne pour tous nos espaces. Nous \u00e9tions d\u00e9j\u00e0 exigeants avant avec le nettoyage &#8230; imaginez maintenant! Et nous continuons \u00e0 le faire jour apr\u00e8s jour, tr\u00e8s conscients de la Covid-19, coordonn\u00e9e avec les autorit\u00e9s locales et suivant les directives du Ministeri de Salut del Govern d\u2019Andorre et de l\u2019Organisation Mondiale de la Sant\u00e9.  Notre engagement envers vous dans la pr\u00e9vention de Covid-19 est tr\u00e8s important pour nous.<\/p>\n\n\n\n<h5 class=\"wp-block-heading\"><strong>Dans les chambres<\/strong><\/h5>\n\n\n\n<p>Dans les\nchambres, nous utilisons des produits de nettoyage et de d\u00e9sinfection efficaces\ncontre le virus, et nous avons d\u00e9velopp\u00e9 un protocole de nettoyage et de\nd\u00e9sinfection encore plus exhaustif, si possible, pour nettoyer les chambres.\nSurtout quand un invit\u00e9 part et avant l&rsquo;arriv\u00e9e du prochain, en accordant une\nattention particuli\u00e8re aux \u00e9l\u00e9ments de contact fr\u00e9quents et en pulv\u00e9risant du\nd\u00e9sinfectant sur toutes les surfaces.<\/p>\n\n\n\n<p>De plus, la\nd\u00e9sinfection de la literie est garantie. Toute la literie est lav\u00e9e \u00e0 plus de\n60 \u00b0 C et s\u00e9ch\u00e9e en machine \u00e0 des temp\u00e9ratures proches de 100 \u00b0 C.<\/p>\n\n\n\n<p>Bien entendu, la\ncl\u00e9 de la chambre est \u00e9galement d\u00e9sinfect\u00e9e chaque fois que nous vous la\nremettons ou que vous nous la renvoyez.<\/p>\n\n\n\n<h5 class=\"wp-block-heading\"><strong>Dans les espaces communs<\/strong><\/h5>\n\n\n\n<p>Dans les zones\ncommunes, nous avons augment\u00e9 la fr\u00e9quence de nettoyage et nous utilisons des\nproduits de d\u00e9sinfection sp\u00e9ciaux (viricide), en particulier dans le salon, la\nsalle \u00e0 manger, la cuisine, la salle de bain et la terrasse, en accordant une\nattention particuli\u00e8re aux surfaces et \u00e9l\u00e9ments de contact fr\u00e9quent.<\/p>\n\n\n\n<p>Nous avons\n\u00e9galement install\u00e9 des stations de d\u00e9sinfection, \u00e9quip\u00e9s de gel d\u00e9sinfectant\npour les mains, du papier et un spray d\u00e9sinfectant pour les surfaces. Convient\nm\u00eame pour les surfaces et les aliments tels que les ustensiles de cuisine.\nL&rsquo;id\u00e9e est que vous pouvez d\u00e9sinfecter vos propres meubles, surfaces et\nustensiles que vous utilisez, avant et apr\u00e8s utilisation, pour une plus grande\ntranquillit\u00e9 d&rsquo;esprit pour vous.<\/p>\n\n\n\n<h5 class=\"wp-block-heading\"><strong>Dans nos espaces de travail<\/strong><\/h5>\n\n\n\n<p>Notre back office est \u00e9galement important, et nous avons \u00e9galement renforc\u00e9e des nettoyages et d\u00e9sinfections dans nos espaces et dans nos outils de travail.<\/p>\n\n\n\n<p> Nous pensons que c&rsquo;est une partie tr\u00e8s importante de notre engagement envers vous en la pr\u00e9vention de Covid-19.<\/p>\n\n\n\n<h4 class=\"wp-block-heading\"><strong>QUE DEVEZ-VOUS FAIRE?<\/strong><\/h4>\n\n\n\n<p>Tr\u00e8s facile, 4\nchoses! <strong>DISTANCE | MAINS | MASQUE |\nD\u00c9SINFECTION<\/strong><\/p>\n\n\n\n<ul><li>DISTANCE<\/li><\/ul>\n\n\n\n<p>Essayez de garder\nune distance minimale de 1,5 m\u00e8tre entre les clients de l&rsquo;auberge qui ne font\npas partie de votre groupe de voyage. Surtout dans les parties communes de\nl&rsquo;auberge.<\/p>\n\n\n\n<ul><li>MAINS<\/li><\/ul>\n\n\n\n<p>Lavez-vous les\nmains fr\u00e9quemment, entre 30 et 40 secondes, toutes les parties de la main, avec\nde l&rsquo;eau chaude et savon. De plus, nous fournissons un gel d\u00e9sinfectant pour les mains \u00e0 divers\nendroits de l&rsquo;auberge.<\/p>\n\n\n\n<ul><li>MASQUE<\/li><\/ul>\n\n\n\n<p>N&rsquo;oubliez pas\nd&rsquo;apporter votre masque, car son utilisation est obligatoire dans les parties\ncommunes de l&rsquo;auberge.<\/p>\n\n\n\n<ul><li>D\u00c9SINFECTION<\/li><\/ul>\n\n\n\n<p>Pour votre\ns\u00e9curit\u00e9 et votre tranquillit\u00e9 d&rsquo;esprit, au station de d\u00e9sinfection nous vous\nfournissons, 24h \/ 24, les produits n\u00e9cessaires pour que vous puissiez vous\nd\u00e9sinfecter vous-m\u00eame les meubles ou ustensiles d&rsquo;usage partag\u00e9e, avant et apr\u00e8s leur\nutilisation.<\/p>\n\n\n\n<p>Facile, non?\nAinsi, nous garantirons la sant\u00e9 de chacun pendant notre s\u00e9jour \u00e0 l&rsquo;auberge.\nComptez sur nous pour emp\u00eacher Covid-19. Et nous sommes s\u00fbrs que nous comptons\nsur votre collaboration pour la s\u00e9curit\u00e9 et le bien-\u00eatre de tous. Pas vrai?<\/p>\n\n\n\n<p>Bienvenue chez\nvous! Bienvenue \u00e0 Mountain Hostel Tarter!<\/p>\n\n\n\n<p>Vous pouvez suivre les recommandations et les conseils du Gouvernement d\u2019Andorre sur la fa\u00e7on de pr\u00e9venir Covid-19, sur le site officiel <a href=\"https:\/\/www.govern.ad\/recomanacions\" target=\"_blank\" rel=\"noreferrer noopener\" aria-label=\" (opens in a new tab)\">https:\/\/www.govern.ad\/recomanacions<\/a><\/p>\n\n\n\n<p>Si vous avez des questions, vous pouvez nous envoyer un @mail \u00e0 <a href=\"mailto: info@mountainhosteltarter.com\">info@mountainhosteltarter.com<\/a><\/p>\n","protected":false},"excerpt":{"rendered":"<p>Au Mountain Hostel Tarter, votre sant\u00e9 et celle de notre personnel passe avant tout. Ce sont les mesures que nous prenons pour remplir notre engagement envers vous dans la pr\u00e9vention de Covid-19. Vendredi 3 juillet 2020, nous rouvrons notre auberge, apr\u00e8s l&rsquo;arr\u00eat forc\u00e9 \u00e0 cause de Covid-19. Le moment de se retrouver est enfin venu &#8230; <a title=\"CECI EST NOTRE ENGAGEMENT ENVERS VOUS, DANS NOTRE MAISON, DANS LA PR\u00c9VENTION DE COVID-19\" class=\"read-more\" href=\"https:\/\/www.mountainhosteltarter.com\/fr\/engagement-en-la-prevention-de-covid-19\/\" aria-label=\"Read more about CECI EST NOTRE ENGAGEMENT ENVERS VOUS, DANS NOTRE MAISON, DANS LA PR\u00c9VENTION DE COVID-19\">Lire plus<\/a><\/p>\n","protected":false},"author":1,"featured_media":0,"comment_status":"open","ping_status":"open","sticky":false,"template":"","format":"standard","meta":{"_glsr_average":0,"_glsr_ranking":0,"_glsr_reviews":0,"footnotes":""},"categories":[417,504,408,506,414,411,19,452,455,507,460,458,425,428,465,468,477,473,480,483,449,503],"tags":[],"yoast_head":"<!-- This site is optimized with the Yoast SEO plugin v22.8 - https:\/\/yoast.com\/wordpress\/plugins\/seo\/ -->\n<title>Engagement en la pr\u00e9vention de Covid-19 par Mountain Hostel Tarter<\/title>\n<meta name=\"description\" content=\"Votre sant\u00e9 et celle de notre personnel passe avant tout. C&#039;est notre engagement envers vous dans la pr\u00e9vention de Covid-19.\" \/>\n<meta name=\"robots\" content=\"index, follow, max-snippet:-1, max-image-preview:large, max-video-preview:-1\" \/>\n<link rel=\"canonical\" href=\"https:\/\/www.mountainhosteltarter.com\/fr\/engagement-en-la-prevention-de-covid-19\/\" \/>\n<meta property=\"og:locale\" content=\"fr_FR\" \/>\n<meta property=\"og:type\" content=\"article\" \/>\n<meta property=\"og:title\" content=\"Engagement en la pr\u00e9vention de Covid-19 par Mountain Hostel Tarter\" \/>\n<meta property=\"og:description\" content=\"Votre sant\u00e9 et celle de notre personnel passe avant tout. C&#039;est notre engagement envers vous dans la pr\u00e9vention de Covid-19.\" \/>\n<meta property=\"og:url\" content=\"https:\/\/www.mountainhosteltarter.com\/fr\/engagement-en-la-prevention-de-covid-19\/\" \/>\n<meta property=\"og:site_name\" content=\"Mountain Hostel Tarter\" \/>\n<meta property=\"article:published_time\" content=\"2020-06-13T00:00:00+00:00\" \/>\n<meta property=\"article:modified_time\" content=\"2021-10-19T22:38:07+00:00\" \/>\n<meta name=\"author\" content=\"netmarqueting\" \/>\n<meta name=\"twitter:card\" content=\"summary_large_image\" \/>\n<meta name=\"twitter:label1\" content=\"\u00c9crit par\" \/>\n\t<meta name=\"twitter:data1\" content=\"netmarqueting\" \/>\n\t<meta name=\"twitter:label2\" content=\"Dur\u00e9e de lecture estim\u00e9e\" \/>\n\t<meta name=\"twitter:data2\" content=\"5 minutes\" \/>\n<script type=\"application\/ld+json\" class=\"yoast-schema-graph\">{\"@context\":\"https:\/\/schema.org\",\"@graph\":[{\"@type\":\"Article\",\"@id\":\"https:\/\/www.mountainhosteltarter.com\/fr\/engagement-en-la-prevention-de-covid-19\/#article\",\"isPartOf\":{\"@id\":\"https:\/\/www.mountainhosteltarter.com\/fr\/engagement-en-la-prevention-de-covid-19\/\"},\"author\":{\"name\":\"netmarqueting\",\"@id\":\"https:\/\/www.mountainhosteltarter.com\/fr\/#\/schema\/person\/f970d723b6486c1685c1869c9f792244\"},\"headline\":\"CECI EST NOTRE ENGAGEMENT ENVERS VOUS, DANS NOTRE MAISON, DANS LA PR\u00c9VENTION DE COVID-19\",\"datePublished\":\"2020-06-13T00:00:00+00:00\",\"dateModified\":\"2021-10-19T22:38:07+00:00\",\"mainEntityOfPage\":{\"@id\":\"https:\/\/www.mountainhosteltarter.com\/fr\/engagement-en-la-prevention-de-covid-19\/\"},\"wordCount\":990,\"commentCount\":0,\"publisher\":{\"@id\":\"https:\/\/www.mountainhosteltarter.com\/fr\/#organization\"},\"articleSection\":[\"Andorre\",\"Auberge en Andorre\",\"Auberges en Andorre\",\"Bikepark Andorre\",\"H\u00e9bergement \u00e0 Andorre\",\"H\u00e9bergement \u00e0 pied des pistes de Grandvalira-Andorre\",\"Non classifi\u00e9(e)\",\"Nouvelles\",\"Offre d&#039;h\u00e9bergement et forfait du ski \u00e0 Grandvalira-Andorre\",\"Randonn\u00e9e en Andorre\",\"Randonn\u00e9e vacances en Andorre\",\"Refuge de montagne en Andorre\",\"Ski de montagne en Andorre\",\"Ski et snowboard \u00e0 Grandvalira-Andorre\",\"Trailrunning en Andorre\",\"Trekking en Andorre\",\"Vacances \u00e0 v\u00e9lo en Andorre\",\"Vacances de ski en Andorre\",\"Vallnord @fr\",\"Vallnord Bike Park @fr\",\"V\u00e9lo de montagne en Andorre\",\"VTT\"],\"inLanguage\":\"fr-FR\"},{\"@type\":\"WebPage\",\"@id\":\"https:\/\/www.mountainhosteltarter.com\/fr\/engagement-en-la-prevention-de-covid-19\/\",\"url\":\"https:\/\/www.mountainhosteltarter.com\/fr\/engagement-en-la-prevention-de-covid-19\/\",\"name\":\"Engagement en la pr\u00e9vention de Covid-19 par Mountain Hostel Tarter\",\"isPartOf\":{\"@id\":\"https:\/\/www.mountainhosteltarter.com\/fr\/#website\"},\"datePublished\":\"2020-06-13T00:00:00+00:00\",\"dateModified\":\"2021-10-19T22:38:07+00:00\",\"description\":\"Votre sant\u00e9 et celle de notre personnel passe avant tout. C'est notre engagement envers vous dans la pr\u00e9vention de Covid-19.\",\"breadcrumb\":{\"@id\":\"https:\/\/www.mountainhosteltarter.com\/fr\/engagement-en-la-prevention-de-covid-19\/#breadcrumb\"},\"inLanguage\":\"fr-FR\",\"potentialAction\":[{\"@type\":\"ReadAction\",\"target\":[\"https:\/\/www.mountainhosteltarter.com\/fr\/engagement-en-la-prevention-de-covid-19\/\"]}]},{\"@type\":\"BreadcrumbList\",\"@id\":\"https:\/\/www.mountainhosteltarter.com\/fr\/engagement-en-la-prevention-de-covid-19\/#breadcrumb\",\"itemListElement\":[{\"@type\":\"ListItem\",\"position\":1,\"name\":\"Portada\",\"item\":\"https:\/\/www.mountainhosteltarter.com\/fr\/\"},{\"@type\":\"ListItem\",\"position\":2,\"name\":\"CECI EST NOTRE ENGAGEMENT ENVERS VOUS, DANS NOTRE MAISON, DANS LA PR\u00c9VENTION DE COVID-19\"}]},{\"@type\":\"WebSite\",\"@id\":\"https:\/\/www.mountainhosteltarter.com\/fr\/#website\",\"url\":\"https:\/\/www.mountainhosteltarter.com\/fr\/\",\"name\":\"Mountain Hostel Tarter\",\"description\":\"El mejor Hostal en Grandvalira Andorra\",\"publisher\":{\"@id\":\"https:\/\/www.mountainhosteltarter.com\/fr\/#organization\"},\"potentialAction\":[{\"@type\":\"SearchAction\",\"target\":{\"@type\":\"EntryPoint\",\"urlTemplate\":\"https:\/\/www.mountainhosteltarter.com\/fr\/?s={search_term_string}\"},\"query-input\":\"required name=search_term_string\"}],\"inLanguage\":\"fr-FR\"},{\"@type\":\"Organization\",\"@id\":\"https:\/\/www.mountainhosteltarter.com\/fr\/#organization\",\"name\":\"Mountain Hostel Tarter\",\"url\":\"https:\/\/www.mountainhosteltarter.com\/fr\/\",\"logo\":{\"@type\":\"ImageObject\",\"inLanguage\":\"fr-FR\",\"@id\":\"https:\/\/www.mountainhosteltarter.com\/fr\/#\/schema\/logo\/image\/\",\"url\":\"https:\/\/www.mountainhosteltarter.com\/wp-content\/uploads\/2021\/08\/logo.png\",\"contentUrl\":\"https:\/\/www.mountainhosteltarter.com\/wp-content\/uploads\/2021\/08\/logo.png\",\"width\":200,\"height\":103,\"caption\":\"Mountain Hostel Tarter\"},\"image\":{\"@id\":\"https:\/\/www.mountainhosteltarter.com\/fr\/#\/schema\/logo\/image\/\"}},{\"@type\":\"Person\",\"@id\":\"https:\/\/www.mountainhosteltarter.com\/fr\/#\/schema\/person\/f970d723b6486c1685c1869c9f792244\",\"name\":\"netmarqueting\",\"image\":{\"@type\":\"ImageObject\",\"inLanguage\":\"fr-FR\",\"@id\":\"https:\/\/www.mountainhosteltarter.com\/fr\/#\/schema\/person\/image\/\",\"url\":\"https:\/\/secure.gravatar.com\/avatar\/24103386a3bf174fbe623a4739042b16?s=96&d=mm&r=g\",\"contentUrl\":\"https:\/\/secure.gravatar.com\/avatar\/24103386a3bf174fbe623a4739042b16?s=96&d=mm&r=g\",\"caption\":\"netmarqueting\"},\"sameAs\":[\"https:\/\/www.mountainhosteltarter.com\"]}]}<\/script>\n<!-- \/ Yoast SEO plugin. -->","yoast_head_json":{"title":"Engagement en la pr\u00e9vention de Covid-19 par Mountain Hostel Tarter","description":"Votre sant\u00e9 et celle de notre personnel passe avant tout. C'est notre engagement envers vous dans la pr\u00e9vention de Covid-19.","robots":{"index":"index","follow":"follow","max-snippet":"max-snippet:-1","max-image-preview":"max-image-preview:large","max-video-preview":"max-video-preview:-1"},"canonical":"https:\/\/www.mountainhosteltarter.com\/fr\/engagement-en-la-prevention-de-covid-19\/","og_locale":"fr_FR","og_type":"article","og_title":"Engagement en la pr\u00e9vention de Covid-19 par Mountain Hostel Tarter","og_description":"Votre sant\u00e9 et celle de notre personnel passe avant tout. C'est notre engagement envers vous dans la pr\u00e9vention de Covid-19.","og_url":"https:\/\/www.mountainhosteltarter.com\/fr\/engagement-en-la-prevention-de-covid-19\/","og_site_name":"Mountain Hostel Tarter","article_published_time":"2020-06-13T00:00:00+00:00","article_modified_time":"2021-10-19T22:38:07+00:00","author":"netmarqueting","twitter_card":"summary_large_image","twitter_misc":{"\u00c9crit par":"netmarqueting","Dur\u00e9e de lecture estim\u00e9e":"5 minutes"},"schema":{"@context":"https:\/\/schema.org","@graph":[{"@type":"Article","@id":"https:\/\/www.mountainhosteltarter.com\/fr\/engagement-en-la-prevention-de-covid-19\/#article","isPartOf":{"@id":"https:\/\/www.mountainhosteltarter.com\/fr\/engagement-en-la-prevention-de-covid-19\/"},"author":{"name":"netmarqueting","@id":"https:\/\/www.mountainhosteltarter.com\/fr\/#\/schema\/person\/f970d723b6486c1685c1869c9f792244"},"headline":"CECI EST NOTRE ENGAGEMENT ENVERS VOUS, DANS NOTRE MAISON, DANS LA PR\u00c9VENTION DE COVID-19","datePublished":"2020-06-13T00:00:00+00:00","dateModified":"2021-10-19T22:38:07+00:00","mainEntityOfPage":{"@id":"https:\/\/www.mountainhosteltarter.com\/fr\/engagement-en-la-prevention-de-covid-19\/"},"wordCount":990,"commentCount":0,"publisher":{"@id":"https:\/\/www.mountainhosteltarter.com\/fr\/#organization"},"articleSection":["Andorre","Auberge en Andorre","Auberges en Andorre","Bikepark Andorre","H\u00e9bergement \u00e0 Andorre","H\u00e9bergement \u00e0 pied des pistes de Grandvalira-Andorre","Non classifi\u00e9(e)","Nouvelles","Offre d&#039;h\u00e9bergement et forfait du ski \u00e0 Grandvalira-Andorre","Randonn\u00e9e en Andorre","Randonn\u00e9e vacances en Andorre","Refuge de montagne en Andorre","Ski de montagne en Andorre","Ski et snowboard \u00e0 Grandvalira-Andorre","Trailrunning en Andorre","Trekking en Andorre","Vacances \u00e0 v\u00e9lo en Andorre","Vacances de ski en Andorre","Vallnord @fr","Vallnord Bike Park @fr","V\u00e9lo de montagne en Andorre","VTT"],"inLanguage":"fr-FR"},{"@type":"WebPage","@id":"https:\/\/www.mountainhosteltarter.com\/fr\/engagement-en-la-prevention-de-covid-19\/","url":"https:\/\/www.mountainhosteltarter.com\/fr\/engagement-en-la-prevention-de-covid-19\/","name":"Engagement en la pr\u00e9vention de Covid-19 par Mountain Hostel Tarter","isPartOf":{"@id":"https:\/\/www.mountainhosteltarter.com\/fr\/#website"},"datePublished":"2020-06-13T00:00:00+00:00","dateModified":"2021-10-19T22:38:07+00:00","description":"Votre sant\u00e9 et celle de notre personnel passe avant tout. C'est notre engagement envers vous dans la pr\u00e9vention de Covid-19.","breadcrumb":{"@id":"https:\/\/www.mountainhosteltarter.com\/fr\/engagement-en-la-prevention-de-covid-19\/#breadcrumb"},"inLanguage":"fr-FR","potentialAction":[{"@type":"ReadAction","target":["https:\/\/www.mountainhosteltarter.com\/fr\/engagement-en-la-prevention-de-covid-19\/"]}]},{"@type":"BreadcrumbList","@id":"https:\/\/www.mountainhosteltarter.com\/fr\/engagement-en-la-prevention-de-covid-19\/#breadcrumb","itemListElement":[{"@type":"ListItem","position":1,"name":"Portada","item":"https:\/\/www.mountainhosteltarter.com\/fr\/"},{"@type":"ListItem","position":2,"name":"CECI EST NOTRE ENGAGEMENT ENVERS VOUS, DANS NOTRE MAISON, DANS LA PR\u00c9VENTION DE COVID-19"}]},{"@type":"WebSite","@id":"https:\/\/www.mountainhosteltarter.com\/fr\/#website","url":"https:\/\/www.mountainhosteltarter.com\/fr\/","name":"Mountain Hostel Tarter","description":"El mejor Hostal en Grandvalira Andorra","publisher":{"@id":"https:\/\/www.mountainhosteltarter.com\/fr\/#organization"},"potentialAction":[{"@type":"SearchAction","target":{"@type":"EntryPoint","urlTemplate":"https:\/\/www.mountainhosteltarter.com\/fr\/?s={search_term_string}"},"query-input":"required name=search_term_string"}],"inLanguage":"fr-FR"},{"@type":"Organization","@id":"https:\/\/www.mountainhosteltarter.com\/fr\/#organization","name":"Mountain Hostel Tarter","url":"https:\/\/www.mountainhosteltarter.com\/fr\/","logo":{"@type":"ImageObject","inLanguage":"fr-FR","@id":"https:\/\/www.mountainhosteltarter.com\/fr\/#\/schema\/logo\/image\/","url":"https:\/\/www.mountainhosteltarter.com\/wp-content\/uploads\/2021\/08\/logo.png","contentUrl":"https:\/\/www.mountainhosteltarter.com\/wp-content\/uploads\/2021\/08\/logo.png","width":200,"height":103,"caption":"Mountain Hostel Tarter"},"image":{"@id":"https:\/\/www.mountainhosteltarter.com\/fr\/#\/schema\/logo\/image\/"}},{"@type":"Person","@id":"https:\/\/www.mountainhosteltarter.com\/fr\/#\/schema\/person\/f970d723b6486c1685c1869c9f792244","name":"netmarqueting","image":{"@type":"ImageObject","inLanguage":"fr-FR","@id":"https:\/\/www.mountainhosteltarter.com\/fr\/#\/schema\/person\/image\/","url":"https:\/\/secure.gravatar.com\/avatar\/24103386a3bf174fbe623a4739042b16?s=96&d=mm&r=g","contentUrl":"https:\/\/secure.gravatar.com\/avatar\/24103386a3bf174fbe623a4739042b16?s=96&d=mm&r=g","caption":"netmarqueting"},"sameAs":["https:\/\/www.mountainhosteltarter.com"]}]}},"_links":{"self":[{"href":"https:\/\/www.mountainhosteltarter.com\/fr\/wp-json\/wp\/v2\/posts\/19291"}],"collection":[{"href":"https:\/\/www.mountainhosteltarter.com\/fr\/wp-json\/wp\/v2\/posts"}],"about":[{"href":"https:\/\/www.mountainhosteltarter.com\/fr\/wp-json\/wp\/v2\/types\/post"}],"author":[{"embeddable":true,"href":"https:\/\/www.mountainhosteltarter.com\/fr\/wp-json\/wp\/v2\/users\/1"}],"replies":[{"embeddable":true,"href":"https:\/\/www.mountainhosteltarter.com\/fr\/wp-json\/wp\/v2\/comments?post=19291"}],"version-history":[{"count":0,"href":"https:\/\/www.mountainhosteltarter.com\/fr\/wp-json\/wp\/v2\/posts\/19291\/revisions"}],"wp:attachment":[{"href":"https:\/\/www.mountainhosteltarter.com\/fr\/wp-json\/wp\/v2\/media?parent=19291"}],"wp:term":[{"taxonomy":"category","embeddable":true,"href":"https:\/\/www.mountainhosteltarter.com\/fr\/wp-json\/wp\/v2\/categories?post=19291"},{"taxonomy":"post_tag","embeddable":true,"href":"https:\/\/www.mountainhosteltarter.com\/fr\/wp-json\/wp\/v2\/tags?post=19291"}],"curies":[{"name":"wp","href":"https:\/\/api.w.org\/{rel}","templated":true}]}}